{"id":27255,"date":"2011-11-10T00:00:00","date_gmt":"2011-11-10T02:00:00","guid":{"rendered":"https:\/\/www.zecadirceu.com.br\/nova-regra-de-preco-de-energia-beneficia-consumidor\/"},"modified":"2011-11-10T00:00:00","modified_gmt":"2011-11-10T02:00:00","slug":"nova-regra-de-preco-de-energia-beneficia-consumidor","status":"publish","type":"post","link":"https:\/\/teste.bsb.br\/zeca\/nova-regra-de-preco-de-energia-beneficia-consumidor\/","title":{"rendered":"Nova regra de pre\u00e7o de energia beneficia consumidor"},"content":{"rendered":"<p class=\"MsoNormal\">A diretoria da Ag&ecirc;ncia Nacional de Energia El&eacute;trica (Aneel) aprovou mudan&ccedil;as nas regras para o 3&ordm; Ciclo de Revis&otilde;es Tarif&aacute;rias Peri&oacute;dicas, que ser&aacute; feito entre 2012 a 2014 em todo o Pa&iacute;s. Os novos c&aacute;lculos v&atilde;o diminuir as tarifas pagas pelos consumidores. &ldquo;Pode haver exce&ccedil;&otilde;es, mas a regra geral &eacute; que haja redu&ccedil;&atilde;o&rdquo;, avalia o diretor-geral da Aneel, Nelson H&uuml;bner. De acordo com ele, essas exce&ccedil;&otilde;es ser&atilde;o as empresas que sa&iacute;ram de n&iacute;vel de investimento muito baixo e, assim, aumentaram a sua base de remunera&ccedil;&atilde;o a ponto de equilibrar os ganhos de produtividade apurados na revis&atilde;o. As decis&otilde;es foram tomadas na 42&ordf; Reuni&atilde;o P&uacute;blica da diretoria da Aneel, na ter&ccedil;a (8) e quarta-feira (9).<o:p><\/o:p><\/p>\n<p class=\"MsoNormal\">O conjunto de mudan&ccedil;as aprovadas (veja tabela) impacta diretamente na chamada Parcela B, que representa de 25% a 30% da conta de energia que chega ao consumidor. A parcela leva em conta os custos de distribui&ccedil;&atilde;o, tanto operacionais como os investimentos. <o:p><\/o:p><\/p>\n<p class=\"MsoNormal\">&nbsp;<\/p>\n<p class=\"MsoNormal\">A Parcela A &eacute; menos gerenci&aacute;vel pelas distribuidoras, pois s&atilde;o os custos com encargos setoriais e tamb&eacute;m a compra e transmiss&atilde;o de energia. Outro item que comp&otilde;e a tarifa s&atilde;o os tributos federais, estaduais e municipais.<o:p><\/o:p><\/p>\n<p class=\"MsoNormal\">Revis&atilde;o &#8211; A revis&atilde;o das tarifas acontece em m&eacute;dia a cada quatro anos, quando os ganhos m&eacute;dios de efici&ecirc;ncia das distribuidoras s&atilde;o revertidos em redu&ccedil;&atilde;o da tarifa. Os ciclos anteriores aconteceram de 2003 a 2006 (1&ordm; Ciclo) e de 2007 a 2010 (2&ordm; Ciclo). A revis&atilde;o e o reajuste anual est&atilde;o previstos nos contratos de concess&atilde;o. No ano que a tarifa passa por revis&atilde;o, o reajuste n&atilde;o &eacute; aplicado. <o:p><\/o:p><\/p>\n<p class=\"MsoNormal\">A nova metodologia ficou em consulta p&uacute;blica de setembro de 2010 a janeiro de 2011 e, numa segunda fase, de abril a junho deste ano. A proposta recebeu cerca de 900 contribui&ccedil;&otilde;es de 155 institui&ccedil;&otilde;es e consumidores.<o:p><\/o:p><\/p>\n<p class=\"MsoNormal\">Conta de energia<o:p><\/o:p><\/p>\n<p class=\"MsoNormal\">A Aneel divulgou a nova edi&ccedil;&atilde;o da cartilha &quot;Por Dentro da Conta de Energia&quot;, com o objetivo de explicar como s&atilde;o compostas as tarifas de energia el&eacute;trica no Brasil.<o:p><\/o:p><\/p>\n<p class=\"MsoNormal\">Informa&ccedil;&otilde;es pelo telefone 167<\/p>\n","protected":false},"excerpt":{"rendered":"<p>A diretoria da Ag\u00eancia Nacional de Energia El\u00e9trica (Aneel) aprovou mudan\u00e7as nas regras para o 3\u00ba Ciclo de Revis\u00f5es Tarif\u00e1rias Peri\u00f3dicas, que ser\u00e1 feito entre 2012 a 2014 em todo o Pa\u00eds. Os novos c\u00e1lculos v\u00e3o diminuir as tarifas pagas pelos consumidores. \u201cPode haver exce\u00e7\u00f5es, mas a regra geral \u00e9 que haja redu\u00e7\u00e3o\u201d, avalia o diretor-geral da Aneel, Nelson H\u00fcbner.<\/p>\n","protected":false},"author":1,"featured_media":27254,"comment_status":"open","ping_status":"open","sticky":false,"template":"","format":"standard","meta":{"footnotes":""},"categories":[1],"tags":[6338],"class_list":["post-27255","post","type-post","status-publish","format-standard","has-post-thumbnail","hentry","category-noticias-zeca-dirceu","tag-nova-regra-de-preco-de-energia-beneficia-consumidor"],"_links":{"self":[{"href":"https:\/\/teste.bsb.br\/zeca\/wp-json\/wp\/v2\/posts\/27255","targetHints":{"allow":["GET"]}}],"collection":[{"href":"https:\/\/teste.bsb.br\/zeca\/wp-json\/wp\/v2\/posts"}],"about":[{"href":"https:\/\/teste.bsb.br\/zeca\/wp-json\/wp\/v2\/types\/post"}],"author":[{"embeddable":true,"href":"https:\/\/teste.bsb.br\/zeca\/wp-json\/wp\/v2\/users\/1"}],"replies":[{"embeddable":true,"href":"https:\/\/teste.bsb.br\/zeca\/wp-json\/wp\/v2\/comments?post=27255"}],"version-history":[{"count":0,"href":"https:\/\/teste.bsb.br\/zeca\/wp-json\/wp\/v2\/posts\/27255\/revisions"}],"wp:featuredmedia":[{"embeddable":true,"href":"https:\/\/teste.bsb.br\/zeca\/wp-json\/wp\/v2\/media\/27254"}],"wp:attachment":[{"href":"https:\/\/teste.bsb.br\/zeca\/wp-json\/wp\/v2\/media?parent=27255"}],"wp:term":[{"taxonomy":"category","embeddable":true,"href":"https:\/\/teste.bsb.br\/zeca\/wp-json\/wp\/v2\/categories?post=27255"},{"taxonomy":"post_tag","embeddable":true,"href":"https:\/\/teste.bsb.br\/zeca\/wp-json\/wp\/v2\/tags?post=27255"}],"curies":[{"name":"wp","href":"https:\/\/api.w.org\/{rel}","templated":true}]}}