{"id":27249,"date":"2011-11-10T00:00:00","date_gmt":"2011-11-10T02:00:00","guid":{"rendered":"https:\/\/www.zecadirceu.com.br\/representantes-de-consorcios-do-pr-estiveram-em-brasilia-esta-semana\/"},"modified":"2011-11-10T00:00:00","modified_gmt":"2011-11-10T02:00:00","slug":"representantes-de-consorcios-do-pr-estiveram-em-brasilia-esta-semana","status":"publish","type":"post","link":"https:\/\/teste.bsb.br\/zeca\/representantes-de-consorcios-do-pr-estiveram-em-brasilia-esta-semana\/","title":{"rendered":"Representantes de Cons\u00f3rcios do PR estiveram em Bras\u00edlia, esta semana"},"content":{"rendered":"<p>&nbsp;Esta semana, em Bras&iacute;lia, acompanhei os prefeitos que presidem os cons&oacute;rcios do Paran&aacute;, em uma reuni&atilde;o com as ministras Gleisi Hoffmann, da Casa Civil, e a Ideli Salvatti, da Secretaria de Rela&ccedil;&otilde;es Institucionais. Foi uma satisfa&ccedil;&atilde;o acompanhar estes que representam mais de 100 munic&iacute;pios do Paran&aacute;.<\/p>\n<p class=\"MsoNormal\">Tive a oportunidade de acompanhar o trabalho de v&aacute;rios destes cons&oacute;rcios representados. Eles est&atilde;o ligados &agrave; &aacute;rea da sa&uacute;de, da agricultura, ligados a mecaniza&ccedil;&atilde;o, parte de obras e servi&ccedil;os. E quando fui procurado os acompanhei nos debates com o Governo Federal, os resultados n&atilde;o poderiam ser mais positivos na busca de novos recursos e a amplia&ccedil;&atilde;o de outros. &nbsp;Foi muito bom ver a disposi&ccedil;&atilde;o da presidenta Dilma, quando colocou suas principais ministras para atender pessoalmente os prefeitos. Assim estamos cumprindo com o nosso papel de um mandato municipalista, em defesa do povo paranaense, em defesa dos recursos federais para o Paran&aacute;.<\/p>\n<p class=\"MsoNormal\">Ou&ccedil;a a reportagem.<span style=\"font-family:&quot;Arial&quot;,&quot;sans-serif&quot;\"><o:p><\/o:p><\/span><\/p>\n","protected":false},"excerpt":{"rendered":"<p>Esta semana, em Bras\u00edlia, acompanhei os prefeitos que presidem os cons\u00f3rcios do Paran\u00e1, em uma reuni\u00e3o com as ministras Gleisi Hoffmann, da Casa Civil, e a Ideli Salvatti, da Secretaria de Rela\u00e7\u00f5es Institucionais. Foi uma satisfa\u00e7\u00e3o acompanhar estes que representam mais de 100 munic\u00edpios do Paran\u00e1.Ou\u00e7a a reportagem.<\/p>\n","protected":false},"author":1,"featured_media":27248,"comment_status":"open","ping_status":"open","sticky":false,"template":"","format":"standard","meta":{"footnotes":""},"categories":[1],"tags":[6337,6336],"class_list":["post-27249","post","type-post","status-publish","format-standard","has-post-thumbnail","hentry","category-noticias-zeca-dirceu","tag-esta-semana","tag-representantes-de-consorcios-do-pr-estiveram-em-brasilia"],"_links":{"self":[{"href":"https:\/\/teste.bsb.br\/zeca\/wp-json\/wp\/v2\/posts\/27249","targetHints":{"allow":["GET"]}}],"collection":[{"href":"https:\/\/teste.bsb.br\/zeca\/wp-json\/wp\/v2\/posts"}],"about":[{"href":"https:\/\/teste.bsb.br\/zeca\/wp-json\/wp\/v2\/types\/post"}],"author":[{"embeddable":true,"href":"https:\/\/teste.bsb.br\/zeca\/wp-json\/wp\/v2\/users\/1"}],"replies":[{"embeddable":true,"href":"https:\/\/teste.bsb.br\/zeca\/wp-json\/wp\/v2\/comments?post=27249"}],"version-history":[{"count":0,"href":"https:\/\/teste.bsb.br\/zeca\/wp-json\/wp\/v2\/posts\/27249\/revisions"}],"wp:featuredmedia":[{"embeddable":true,"href":"https:\/\/teste.bsb.br\/zeca\/wp-json\/wp\/v2\/media\/27248"}],"wp:attachment":[{"href":"https:\/\/teste.bsb.br\/zeca\/wp-json\/wp\/v2\/media?parent=27249"}],"wp:term":[{"taxonomy":"category","embeddable":true,"href":"https:\/\/teste.bsb.br\/zeca\/wp-json\/wp\/v2\/categories?post=27249"},{"taxonomy":"post_tag","embeddable":true,"href":"https:\/\/teste.bsb.br\/zeca\/wp-json\/wp\/v2\/tags?post=27249"}],"curies":[{"name":"wp","href":"https:\/\/api.w.org\/{rel}","templated":true}]}}