{"id":27245,"date":"2011-11-10T00:00:00","date_gmt":"2011-11-10T02:00:00","guid":{"rendered":"https:\/\/www.zecadirceu.com.br\/populacao-lota-camara-de-tuneiras-do-oeste-para-ouvir-zeca-dirceu\/"},"modified":"2011-11-10T00:00:00","modified_gmt":"2011-11-10T02:00:00","slug":"populacao-lota-camara-de-tuneiras-do-oeste-para-ouvir-zeca-dirceu","status":"publish","type":"post","link":"https:\/\/teste.bsb.br\/zeca\/populacao-lota-camara-de-tuneiras-do-oeste-para-ouvir-zeca-dirceu\/","title":{"rendered":"Popula\u00e7\u00e3o lota C\u00e2mara de Tuneiras do Oeste para ouvir Zeca Dirceu"},"content":{"rendered":"<p>&nbsp;<span class=\"Apple-style-span\" style=\"font-family: 'Times New Roman', serif; font-size: 16px; line-height: 18px; \">O deputado federal Zeca Dirceu (PT-PR) esteve na &uacute;ltima sexta-feira, 4, no munic&iacute;pio de Tuneiras do Oeste, para prestar contas de suas atividades parlamentares e das a&ccedil;&otilde;es que tem feito em favor da cidade. Atendendo convite do prefeito Luiz Krauss, Zeca participou de um encontro com lideran&ccedil;as e moradores, do qual tamb&eacute;m participou o deputado estadual Jonas Guimar&atilde;es.<\/span><\/p>\n<p class=\"MsoNormal\" style=\"text-align:justify\"><span style=\"font-size:12.0pt;\nline-height:115%;font-family:&quot;Times New Roman&quot;,&quot;serif&quot;\">O encontro, realizado na C&acirc;mara de Vereadores, foi transmitido ao vivo pela R&aacute;dio Comunit&aacute;ria L&iacute;der FM e contou com a participa&ccedil;&atilde;o de mais de uma centena de moradores e lideran&ccedil;as, que lotaram o audit&oacute;rio da C&acirc;mara. O prefeito Luiz Krauss agradeceu a presen&ccedil;a dos deputados e destacou a import&acirc;ncia do apoio dos parlamentares para o desenvolvimento do munic&iacute;pio.<o:p><\/o:p><\/span><\/p>\n<p class=\"MsoNormal\" style=\"text-align:justify\"><span style=\"font-size:12.0pt;\nline-height:115%;font-family:&quot;Times New Roman&quot;,&quot;serif&quot;\">&ldquo;S&oacute; com o apoio dos deputados &eacute; que temos conseguido implantar as melhorias que voc&ecirc;s, moradores de Tuneiras do Oeste, est&atilde;o vendo a cada dia em nossa cidade, por isso agrade&ccedil;o a aten&ccedil;&atilde;o do Zeca Dirceu e do Jonas Guimar&atilde;es, que abriram espa&ccedil;o em suas agendas para vir at&eacute; aqui e falar diretamente para voc&ecirc;s sobre o trabalho que est&atilde;o fazendo em prol de Tuneiras&rdquo;, disse Luiz Krauss.<o:p><\/o:p><\/span><\/p>\n<p class=\"MsoNormal\" style=\"text-align:justify\"><span style=\"font-size:12.0pt;\nline-height:115%;font-family:&quot;Times New Roman&quot;,&quot;serif&quot;\">Em sua apresenta&ccedil;&atilde;o, Zeca Dirceu destacou os recursos que garantiu para Tuneiras, como verbas para esgotamento sanit&aacute;rio, sistema de abastecimento de &aacute;gua, pavimenta&ccedil;&atilde;o, galerias de &aacute;guas pluviais e uma supercreche. No total, os investimentos viabilizados por Zeca Dirceu para Tuneiras do Oeste ultrapassam a casa dos R$ 2 milh&otilde;es.<o:p><\/o:p><\/span><\/p>\n<p class=\"MsoNormal\" style=\"text-align:justify\"><span style=\"font-size:12.0pt;\nline-height:115%;font-family:&quot;Times New Roman&quot;,&quot;serif&quot;\">&ldquo;Temos feito um trabalho de muita dedica&ccedil;&atilde;o para ajudar a popula&ccedil;&atilde;o de Tuneiras do Oeste, buscando investimentos em &aacute;reas essenciais para a melhoria da qualidade de vida, como o abastecimento de &aacute;gua, a pavimenta&ccedil;&atilde;o e a supercreche, que vai representar um grande avan&ccedil;o para as m&atilde;es que trabalham fora e precisam de um lugar com qualidade e seguran&ccedil;a para deixar seus filhos&rdquo;, afirmou Zeca.<o:p><\/o:p><\/span><\/p>\n<p class=\"MsoNormal\" style=\"text-align:justify\"><span style=\"font-size:12.0pt;\nline-height:115%;font-family:&quot;Times New Roman&quot;,&quot;serif&quot;\">O deputado estadual Jonas Guimar&atilde;es tamb&eacute;m falou sobre os recursos que vem garantindo para a cidade, como equipamentos agr&iacute;colas e m&aacute;quinas para melhorar as estradas rurais. &ldquo;Nosso compromisso &eacute; com a popula&ccedil;&atilde;o de Tuneiras do Oeste, com o bem estar do povo, por isso estamos aqui hoje para informar aquilo que temos feito em prol das pessoas da cidade&rdquo;, concluiu Jonas Guimar&atilde;es.<o:p><\/o:p><\/span><\/p>\n","protected":false},"excerpt":{"rendered":"<p>O deputado federal Zeca Dirceu (PT-PR) esteve na \u00faltima sexta-feira, 4, no munic\u00edpio de Tuneiras do Oeste, para prestar contas de suas atividades parlamentares e das a\u00e7\u00f5es que tem feito em favor da cidade. Atendendo convite do prefeito Luiz Krauss, Zeca participou de um encontro com lideran\u00e7as e moradores, do qual tamb\u00e9m participou o deputado estadual Jonas Guimar\u00e3es.<\/p>\n","protected":false},"author":1,"featured_media":27244,"comment_status":"open","ping_status":"open","sticky":false,"template":"","format":"standard","meta":{"footnotes":""},"categories":[1],"tags":[6335],"class_list":["post-27245","post","type-post","status-publish","format-standard","has-post-thumbnail","hentry","category-noticias-zeca-dirceu","tag-populacao-lota-camara-de-tuneiras-do-oeste-para-ouvir-zeca-dirceu"],"_links":{"self":[{"href":"https:\/\/teste.bsb.br\/zeca\/wp-json\/wp\/v2\/posts\/27245","targetHints":{"allow":["GET"]}}],"collection":[{"href":"https:\/\/teste.bsb.br\/zeca\/wp-json\/wp\/v2\/posts"}],"about":[{"href":"https:\/\/teste.bsb.br\/zeca\/wp-json\/wp\/v2\/types\/post"}],"author":[{"embeddable":true,"href":"https:\/\/teste.bsb.br\/zeca\/wp-json\/wp\/v2\/users\/1"}],"replies":[{"embeddable":true,"href":"https:\/\/teste.bsb.br\/zeca\/wp-json\/wp\/v2\/comments?post=27245"}],"version-history":[{"count":0,"href":"https:\/\/teste.bsb.br\/zeca\/wp-json\/wp\/v2\/posts\/27245\/revisions"}],"wp:featuredmedia":[{"embeddable":true,"href":"https:\/\/teste.bsb.br\/zeca\/wp-json\/wp\/v2\/media\/27244"}],"wp:attachment":[{"href":"https:\/\/teste.bsb.br\/zeca\/wp-json\/wp\/v2\/media?parent=27245"}],"wp:term":[{"taxonomy":"category","embeddable":true,"href":"https:\/\/teste.bsb.br\/zeca\/wp-json\/wp\/v2\/categories?post=27245"},{"taxonomy":"post_tag","embeddable":true,"href":"https:\/\/teste.bsb.br\/zeca\/wp-json\/wp\/v2\/tags?post=27245"}],"curies":[{"name":"wp","href":"https:\/\/api.w.org\/{rel}","templated":true}]}}