{"id":27233,"date":"2011-11-10T00:00:00","date_gmt":"2011-11-10T02:00:00","guid":{"rendered":"https:\/\/www.zecadirceu.com.br\/luzes-no-concreto-vote-cataratas-muda-paisagem-de-brasilia\/"},"modified":"2011-11-10T00:00:00","modified_gmt":"2011-11-10T02:00:00","slug":"luzes-no-concreto-vote-cataratas-muda-paisagem-de-brasilia","status":"publish","type":"post","link":"https:\/\/teste.bsb.br\/zeca\/luzes-no-concreto-vote-cataratas-muda-paisagem-de-brasilia\/","title":{"rendered":"Luzes no concreto: Vote Cataratas muda paisagem de Bras\u00edlia"},"content":{"rendered":"<p>&nbsp;<span class=\"Apple-style-span\" style=\"font-family: Georgia, 'Times New Roman', Times, serif; line-height: 18px; \">Proje&ccedil;&otilde;es de imagens da campanha Vote Cataratas na fachada do Museu Nacional da Rep&uacute;blica chamaram a aten&ccedil;&atilde;o de quem passou pela Esplanada dos Minist&eacute;rios, em Bras&iacute;lia (DF), na noite desta ter&ccedil;a-feira (8). A apresenta&ccedil;&atilde;o feita pelo artista franco-italiano Gaspare Di Caro atraiu dezenas de jornalistas e mudou a paisagem do Complexo Cultural da Rep&uacute;blica Jo&atilde;o Herculino, onde fica a obra de Oscar Niemeyer. Foi mais uma a&ccedil;&atilde;o promovida pelo Comit&ecirc; Local de Apoio &agrave; Candidatura das Cataratas a uma das Novas Sete Maravilhas da Natureza. O prazo de vota&ccedil;&atilde;o termina &agrave;s 9h11 de sexta-feira (11), no hor&aacute;rio brasileiro de ver&atilde;o.<\/p>\n<p><\/span><span class=\"Apple-style-span\" style=\"font-family: Georgia, 'Times New Roman', Times, serif; \">Durante as proje&ccedil;&otilde;es, turistas e moradores locais se surpreenderam com o jogo de imagens na c&uacute;pula do museu. &ldquo;S&oacute; conhe&ccedil;o as Cataratas por fotos, mas hoje deu ainda mais vontade de ver pessoalmente&rdquo;, disse a fisioterapeuta Carla Renata Lima, de Fortaleza (CE).&nbsp;<\/span><br style=\"font-family: Georgia, 'Times New Roman', Times, serif; \" \/><br \/>\n<br style=\"font-family: Georgia, 'Times New Roman', Times, serif; \" \/><br \/>\n<span class=\"Apple-style-span\" style=\"font-family: Georgia, 'Times New Roman', Times, serif; \">Acompanhada da prima Eveline Lima, confeiteira fortalezense radicada em Bras&iacute;lia, Carla n&atilde;o cansou de fotografar o &ldquo;Vote Cataratas&rdquo; projetado no concreto. Ambas ainda n&atilde;o tinham ouvido falar da campanha, mas, diante da propaganda, prometeram apoio. &ldquo;Se depender da gente, ser&aacute; eleita&rdquo;, afirmou Eveline.<\/span><\/p>\n<p style=\"margin-top: 0px; margin-right: 0px; margin-bottom: 15px; margin-left: 0px; padding-top: 0px; padding-right: 0px; padding-bottom: 0px; padding-left: 0px; line-height: 18px; font-family: Georgia, 'Times New Roman', Times, serif; \">&nbsp;<\/p>\n<p style=\"margin-top: 0px; margin-right: 0px; margin-bottom: 15px; margin-left: 0px; padding-top: 0px; padding-right: 0px; padding-bottom: 0px; padding-left: 0px; line-height: 18px; font-family: Georgia, 'Times New Roman', Times, serif; \">&nbsp;A chuva intermitente atrapalhou um pouco os preparativos de Di Caro e causou um pequeno atraso na apresenta&ccedil;&atilde;o. Mas nada que desanimasse o artista, acostumado a lidar com as intemp&eacute;ries durante as v&aacute;rias proje&ccedil;&otilde;es que j&aacute; fez pelo mundo. &ldquo;Preferia um tempo mais seco, mas a chuva deu at&eacute; uma boa dose de energia e adrenalina &agrave; apresenta&ccedil;&atilde;o&rdquo;, disse. &ldquo;Na verdade os c&eacute;us ainda deram um toque especial, pois &aacute;gua tem tudo a ver com o tema&rdquo;, destacou. &nbsp;<\/p>\n<p><br style=\"font-family: Georgia, 'Times New Roman', Times, serif; line-height: 18px; text-align: justify; \" \/><br \/>\n<span class=\"Apple-style-span\" style=\"font-family: Georgia, 'Times New Roman', Times, serif; line-height: 18px; \">Segundo o coordenador do Comit&ecirc; Local de Apoio &agrave; Candidatura das Cataratas e superintendente de Comunica&ccedil;&atilde;o Social da Itaipu, Gilmar Piolla, a proje&ccedil;&atilde;o foi um sucesso, sobretudo pelo grande interesse demonstrado pela imprensa. &ldquo;Mesmo com a chuva e as dificuldades t&eacute;cnicas, conseguimos uma repercuss&atilde;o muito boa&rdquo;, disse. &ldquo;Eventos como esse em Bras&iacute;lia, o dirig&iacute;vel nas Cataratas e a tirolesa de Waldemar Niclevicz mostram que &eacute; poss&iacute;vel mobilizar a m&iacute;dia de uma forma espont&acirc;nea&rdquo;.<\/p>\n<p><\/span><strong style=\"font-weight: bold; font-family: Georgia, 'Times New Roman', Times, serif; line-height: 18px; \">A&ccedil;&otilde;es n&atilde;o param&nbsp;<\/strong><span class=\"Apple-style-span\" style=\"font-family: Georgia, 'Times New Roman', Times, serif; line-height: 18px; \">&#8211;&nbsp;O Comit&ecirc; Local de Apoio &agrave; Candidatura das Cataratas ainda planeja pelo menos mais uma a&ccedil;&atilde;o de divulga&ccedil;&atilde;o. Na quinta-feira (10), a partir das 19 horas, no Gramad&atilde;o da Vila A, em Foz do Igua&ccedil;u, haver&aacute; a apresenta&ccedil;&atilde;o de bandas locais, com entrada franca. &ldquo;Como o brasileiro costuma deixar tudo para a &uacute;ltima hora, concentramos v&aacute;rias a&ccedil;&otilde;es na reta final, o que &eacute; uma forma de chamar a aten&ccedil;&atilde;o e mobilizar as pessoas para votar&rdquo;, afirmou Piolla.<\/p>\n<p><\/span><\/p>\n<p style=\"margin-top: 0px; margin-right: 0px; margin-bottom: 15px; margin-left: 0px; padding-top: 0px; padding-right: 0px; padding-bottom: 0px; padding-left: 0px; line-height: 18px; font-family: Georgia, 'Times New Roman', Times, serif; \"><strong style=\"font-weight: bold; \">Como votar&nbsp;<\/strong>&#8211;&nbsp;Para votar nas Cataratas do Igua&ccedil;u a uma das Sete Novas Maravilhas da Natureza, basta acessar o site&nbsp;<a target=\"_blank\" href=\"http:\/\/www.votecataratas.com\/\" style=\"outline-width: 0px; outline-style: initial; outline-color: initial; cursor: pointer; color: rgb(102, 102, 102); text-decoration: none; \"><u>www.votecataratas.com<\/u><\/a>&nbsp;e seguir os passos indicados. Tamb&eacute;m &eacute; poss&iacute;vel votar via celular, enviando a palavra &ldquo;Cataratas&rdquo; para o n&uacute;mero 22046. O custo da mensagem &eacute; de R$ 0,31 + impostos. &nbsp;<\/p>\n<p style=\"margin-top: 0px; margin-right: 0px; margin-bottom: 15px; margin-left: 0px; padding-top: 0px; padding-right: 0px; padding-bottom: 0px; padding-left: 0px; line-height: 18px; font-family: Georgia, 'Times New Roman', Times, serif; \">\nPelo celular, &eacute; poss&iacute;vel votar quantas vezes quiser. O link da vota&ccedil;&atilde;o tamb&eacute;m pode ser acessado pela p&aacute;gina do&nbsp;<a target=\"_blank\" href=\"https:\/\/www.facebook.com\/votecataratas\" style=\"outline-width: 0px; outline-style: initial; outline-color: initial; cursor: pointer; color: rgb(102, 102, 102); text-decoration: none; \"><u>Vote Cataratas no Facebook<\/u><\/a>.<\/p>\n<p><strong style=\"font-weight: bold; \">Fonte<\/strong>: JIE<\/p>\n<p><span class=\"Apple-style-span\" style=\"font-family: Georgia, 'Times New Roman', Times, serif; line-height: 18px; \"><br type=\"_moz\" \/><br \/>\n<\/span><\/p>\n","protected":false},"excerpt":{"rendered":"<p>Proje\u00e7\u00f5es de imagens da campanha Vote Cataratas na fachada do Museu Nacional da Rep\u00fablica chamaram a aten\u00e7\u00e3o de quem passou pela Esplanada dos Minist\u00e9rios, em Bras\u00edlia (DF), na noite desta ter\u00e7a-feira (8). A apresenta\u00e7\u00e3o feita pelo artista franco-italiano Gaspare Di Caro atraiu dezenas de jornalistas e mudou a paisagem do Complexo Cultural da Rep\u00fablica Jo\u00e3o Herculino, onde fica a obra de Oscar Niemeyer. Foi mais uma a\u00e7\u00e3o promovida pelo Comit\u00ea Local de Apoio \u00e0 Candidatura das Cataratas a uma das Novas Sete Maravilhas da Natureza. O prazo de vota\u00e7\u00e3o termina \u00e0s 9h11 de sexta-feira (11), no hor\u00e1rio brasileiro de ver\u00e3o.<\/p>\n","protected":false},"author":1,"featured_media":27232,"comment_status":"open","ping_status":"open","sticky":false,"template":"","format":"standard","meta":{"footnotes":""},"categories":[1],"tags":[6330],"class_list":["post-27233","post","type-post","status-publish","format-standard","has-post-thumbnail","hentry","category-noticias-zeca-dirceu","tag-luzes-no-concreto-vote-cataratas-muda-paisagem-de-brasilia"],"_links":{"self":[{"href":"https:\/\/teste.bsb.br\/zeca\/wp-json\/wp\/v2\/posts\/27233","targetHints":{"allow":["GET"]}}],"collection":[{"href":"https:\/\/teste.bsb.br\/zeca\/wp-json\/wp\/v2\/posts"}],"about":[{"href":"https:\/\/teste.bsb.br\/zeca\/wp-json\/wp\/v2\/types\/post"}],"author":[{"embeddable":true,"href":"https:\/\/teste.bsb.br\/zeca\/wp-json\/wp\/v2\/users\/1"}],"replies":[{"embeddable":true,"href":"https:\/\/teste.bsb.br\/zeca\/wp-json\/wp\/v2\/comments?post=27233"}],"version-history":[{"count":0,"href":"https:\/\/teste.bsb.br\/zeca\/wp-json\/wp\/v2\/posts\/27233\/revisions"}],"wp:featuredmedia":[{"embeddable":true,"href":"https:\/\/teste.bsb.br\/zeca\/wp-json\/wp\/v2\/media\/27232"}],"wp:attachment":[{"href":"https:\/\/teste.bsb.br\/zeca\/wp-json\/wp\/v2\/media?parent=27233"}],"wp:term":[{"taxonomy":"category","embeddable":true,"href":"https:\/\/teste.bsb.br\/zeca\/wp-json\/wp\/v2\/categories?post=27233"},{"taxonomy":"post_tag","embeddable":true,"href":"https:\/\/teste.bsb.br\/zeca\/wp-json\/wp\/v2\/tags?post=27233"}],"curies":[{"name":"wp","href":"https:\/\/api.w.org\/{rel}","templated":true}]}}