{"id":27231,"date":"2011-11-10T00:00:00","date_gmt":"2011-11-10T02:00:00","guid":{"rendered":"https:\/\/www.zecadirceu.com.br\/nota-a-imprensa-do-pt-pr-sobre-o-tarifaco-do-governo-beto-richa\/"},"modified":"2011-11-10T00:00:00","modified_gmt":"2011-11-10T02:00:00","slug":"nota-a-imprensa-do-pt-pr-sobre-o-tarifaco-do-governo-beto-richa","status":"publish","type":"post","link":"https:\/\/teste.bsb.br\/zeca\/nota-a-imprensa-do-pt-pr-sobre-o-tarifaco-do-governo-beto-richa\/","title":{"rendered":"Nota \u00e0 Imprensa do PT\/PR sobre o tarifa\u00e7o do governo Beto Richa"},"content":{"rendered":"<p>&nbsp;<span class=\"Apple-style-span\" style=\"color: rgb(44, 44, 44); font-family: Arial, sans-serif; font-size: 14px; line-height: 20px; \">O presidente do Partido dos Trabalhadores do Paran&aacute;, deputado Enio Verri, em nome Diret&oacute;rio Estadual do PT, vem manifestar sua contrariedade e preocupa&ccedil;&atilde;o com a aprova&ccedil;&atilde;o do Projeto de Lei do govenador Beto Richa (PSDB) que institui o tarifa&ccedil;o nas taxas do Detran a partir do in&iacute;cio de 2012.<\/span><\/p>\n<p class=\"MsoNormal\" style=\"padding-top: 0px; padding-right: 0px; padding-bottom: 0px; padding-left: 0px; margin-top: 0px; margin-right: 0px; margin-bottom: 0px; margin-left: 0px; color: rgb(44, 44, 44); font-family: 'Trebuchet MS', sans-serif; font-size: 14px; line-height: 20px; \"><font class=\"Apple-style-span\" face=\"Arial, sans-serif\" style=\"padding-top: 0px; padding-right: 0px; padding-bottom: 0px; padding-left: 0px; margin-top: 0px; margin-right: 0px; margin-bottom: 0px; margin-left: 0px; \"><br style=\"padding-top: 0px; padding-right: 0px; padding-bottom: 0px; padding-left: 0px; margin-top: 0px; margin-right: 0px; margin-bottom: 0px; margin-left: 0px; \" \/><br \/>\n<\/font><\/p>\n<p class=\"MsoNormal\" style=\"padding-top: 0px; padding-right: 0px; padding-bottom: 0px; padding-left: 0px; margin-top: 0px; margin-right: 0px; margin-bottom: 0px; margin-left: 0px; color: rgb(44, 44, 44); font-family: 'Trebuchet MS', sans-serif; font-size: 14px; line-height: 20px; \"><font class=\"Apple-style-span\" face=\"Arial, sans-serif\" style=\"padding-top: 0px; padding-right: 0px; padding-bottom: 0px; padding-left: 0px; margin-top: 0px; margin-right: 0px; margin-bottom: 0px; margin-left: 0px; \">O PT Paran&aacute; considera ABUSIVA, al&eacute;m de desnecess&aacute;ria, ilegal e prejudicial a majora&ccedil;&atilde;o das taxas, proposta pelo governo e aprovada pela Alep:<br style=\"padding-top: 0px; padding-right: 0px; padding-bottom: 0px; padding-left: 0px; margin-top: 0px; margin-right: 0px; margin-bottom: 0px; margin-left: 0px; \" \/><br \/>\n<br style=\"padding-top: 0px; padding-right: 0px; padding-bottom: 0px; padding-left: 0px; margin-top: 0px; margin-right: 0px; margin-bottom: 0px; margin-left: 0px; \" \/><br \/>\n<\/font><\/p>\n<p class=\"MsoNormal\" style=\"padding-top: 0px; padding-right: 0px; padding-bottom: 0px; padding-left: 0px; margin-top: 0px; margin-right: 0px; margin-bottom: 0px; margin-left: 0px; color: rgb(44, 44, 44); font-family: 'Trebuchet MS', sans-serif; font-size: 14px; line-height: 20px; \"><font class=\"Apple-style-span\" face=\"Arial, sans-serif\" style=\"padding-top: 0px; padding-right: 0px; padding-bottom: 0px; padding-left: 0px; margin-top: 0px; margin-right: 0px; margin-bottom: 0px; margin-left: 0px; \">1) ABUSIVA pois sobrecarrega a popula&ccedil;&atilde;o com reajustes extratosf&eacute;ricos, que alcan&ccedil;am 271%;&nbsp;<br style=\"padding-top: 0px; padding-right: 0px; padding-bottom: 0px; padding-left: 0px; margin-top: 0px; margin-right: 0px; margin-bottom: 0px; margin-left: 0px; \" \/><br \/>\n<br style=\"padding-top: 0px; padding-right: 0px; padding-bottom: 0px; padding-left: 0px; margin-top: 0px; margin-right: 0px; margin-bottom: 0px; margin-left: 0px; \" \/><br \/>\n<\/font><\/p>\n<p class=\"MsoNormal\" style=\"padding-top: 0px; padding-right: 0px; padding-bottom: 0px; padding-left: 0px; margin-top: 0px; margin-right: 0px; margin-bottom: 0px; margin-left: 0px; color: rgb(44, 44, 44); font-family: 'Trebuchet MS', sans-serif; font-size: 14px; line-height: 20px; \"><font class=\"Apple-style-span\" face=\"Arial, sans-serif\" style=\"padding-top: 0px; padding-right: 0px; padding-bottom: 0px; padding-left: 0px; margin-top: 0px; margin-right: 0px; margin-bottom: 0px; margin-left: 0px; \">2) Desnecess&aacute;ria porque o Detran apresenta consistente solidez financeira, com super&aacute;vit m&eacute;dio de R$ 150 milh&otilde;es\/ano;&nbsp;<br style=\"padding-top: 0px; padding-right: 0px; padding-bottom: 0px; padding-left: 0px; margin-top: 0px; margin-right: 0px; margin-bottom: 0px; margin-left: 0px; \" \/><br \/>\n<br style=\"padding-top: 0px; padding-right: 0px; padding-bottom: 0px; padding-left: 0px; margin-top: 0px; margin-right: 0px; margin-bottom: 0px; margin-left: 0px; \" \/><br \/>\n<\/font><\/p>\n<p class=\"MsoNormal\" style=\"padding-top: 0px; padding-right: 0px; padding-bottom: 0px; padding-left: 0px; margin-top: 0px; margin-right: 0px; margin-bottom: 0px; margin-left: 0px; color: rgb(44, 44, 44); font-family: 'Trebuchet MS', sans-serif; font-size: 14px; line-height: 20px; \"><font class=\"Apple-style-span\" face=\"Arial, sans-serif\" style=\"padding-top: 0px; padding-right: 0px; padding-bottom: 0px; padding-left: 0px; margin-top: 0px; margin-right: 0px; margin-bottom: 0px; margin-left: 0px; \">3) Ilegal pois constitui, na pr&aacute;tica, a transforma&ccedil;&atilde;o do Detran em um instrumento arrecadador;<br style=\"padding-top: 0px; padding-right: 0px; padding-bottom: 0px; padding-left: 0px; margin-top: 0px; margin-right: 0px; margin-bottom: 0px; margin-left: 0px; \" \/><br \/>\n<br style=\"padding-top: 0px; padding-right: 0px; padding-bottom: 0px; padding-left: 0px; margin-top: 0px; margin-right: 0px; margin-bottom: 0px; margin-left: 0px; \" \/><br \/>\n<\/font><\/p>\n<p class=\"MsoNormal\" style=\"padding-top: 0px; padding-right: 0px; padding-bottom: 0px; padding-left: 0px; margin-top: 0px; margin-right: 0px; margin-bottom: 0px; margin-left: 0px; color: rgb(44, 44, 44); font-family: 'Trebuchet MS', sans-serif; font-size: 14px; line-height: 20px; \"><font class=\"Apple-style-span\" face=\"Arial, sans-serif\" style=\"padding-top: 0px; padding-right: 0px; padding-bottom: 0px; padding-left: 0px; margin-top: 0px; margin-right: 0px; margin-bottom: 0px; margin-left: 0px; \">4) Prejudicial uma vez que ir&aacute; aumentar significativamente o custo do transporte no estado.<br style=\"padding-top: 0px; padding-right: 0px; padding-bottom: 0px; padding-left: 0px; margin-top: 0px; margin-right: 0px; margin-bottom: 0px; margin-left: 0px; \" \/><br \/>\n<br style=\"padding-top: 0px; padding-right: 0px; padding-bottom: 0px; padding-left: 0px; margin-top: 0px; margin-right: 0px; margin-bottom: 0px; margin-left: 0px; \" \/><br \/>\n<\/font><\/p>\n<p class=\"MsoNormal\" style=\"padding-top: 0px; padding-right: 0px; padding-bottom: 0px; padding-left: 0px; margin-top: 0px; margin-right: 0px; margin-bottom: 0px; margin-left: 0px; color: rgb(44, 44, 44); font-family: 'Trebuchet MS', sans-serif; font-size: 14px; line-height: 20px; \"><font class=\"Apple-style-span\" face=\"Arial, sans-serif\" style=\"padding-top: 0px; padding-right: 0px; padding-bottom: 0px; padding-left: 0px; margin-top: 0px; margin-right: 0px; margin-bottom: 0px; margin-left: 0px; \">A lei tamb&eacute;m representa um aumento desproporcional &#8211; e perigoso &#8211; do poder do govenador. A ess&ecirc;ncia do Projeto se constitui na entrega ao Executivo de um leg&iacute;timo &quot;cheque em branco&quot;, uma vez que o texto n&atilde;o garante a destina&ccedil;&atilde;o das receitas para a &aacute;rea de seguran&ccedil;a p&uacute;blica.<br style=\"padding-top: 0px; padding-right: 0px; padding-bottom: 0px; padding-left: 0px; margin-top: 0px; margin-right: 0px; margin-bottom: 0px; margin-left: 0px; \" \/><br \/>\n<br style=\"padding-top: 0px; padding-right: 0px; padding-bottom: 0px; padding-left: 0px; margin-top: 0px; margin-right: 0px; margin-bottom: 0px; margin-left: 0px; \" \/><br \/>\n<\/font><\/p>\n<p class=\"MsoNormal\" style=\"padding-top: 0px; padding-right: 0px; padding-bottom: 0px; padding-left: 0px; margin-top: 0px; margin-right: 0px; margin-bottom: 0px; margin-left: 0px; color: rgb(44, 44, 44); font-family: 'Trebuchet MS', sans-serif; font-size: 14px; line-height: 20px; \"><font class=\"Apple-style-span\" face=\"Arial, sans-serif\" style=\"padding-top: 0px; padding-right: 0px; padding-bottom: 0px; padding-left: 0px; margin-top: 0px; margin-right: 0px; margin-bottom: 0px; margin-left: 0px; \">Tal qual um &quot;rolo compressor&quot;, o Executivo ainda minou as atribui&ccedil;&otilde;es da Alep e transformou o legislativo num bra&ccedil;o assustadoramente subserviente do seu poder.<br style=\"padding-top: 0px; padding-right: 0px; padding-bottom: 0px; padding-left: 0px; margin-top: 0px; margin-right: 0px; margin-bottom: 0px; margin-left: 0px; \" \/><br \/>\n<br style=\"padding-top: 0px; padding-right: 0px; padding-bottom: 0px; padding-left: 0px; margin-top: 0px; margin-right: 0px; margin-bottom: 0px; margin-left: 0px; \" \/><br \/>\n<\/font><\/p>\n<p class=\"MsoNormal\" style=\"padding-top: 0px; padding-right: 0px; padding-bottom: 0px; padding-left: 0px; margin-top: 0px; margin-right: 0px; margin-bottom: 0px; margin-left: 0px; color: rgb(44, 44, 44); font-family: 'Trebuchet MS', sans-serif; font-size: 14px; line-height: 20px; \"><font class=\"Apple-style-span\" face=\"Arial, sans-serif\" style=\"padding-top: 0px; padding-right: 0px; padding-bottom: 0px; padding-left: 0px; margin-top: 0px; margin-right: 0px; margin-bottom: 0px; margin-left: 0px; \">O reajuste n&atilde;o beneficia ningu&eacute;m, a n&atilde;o ser o pr&oacute;prio governo. A gest&atilde;o Richa retira do Detran a qualidade de &quot;prestar servi&ccedil;o &agrave; popula&ccedil;&atilde;o&quot; e insere o &oacute;rgao num novo patamar, o de &quot;prestar servi&ccedil;o ao governo&quot;.<br style=\"padding-top: 0px; padding-right: 0px; padding-bottom: 0px; padding-left: 0px; margin-top: 0px; margin-right: 0px; margin-bottom: 0px; margin-left: 0px; \" \/><br \/>\n<br style=\"padding-top: 0px; padding-right: 0px; padding-bottom: 0px; padding-left: 0px; margin-top: 0px; margin-right: 0px; margin-bottom: 0px; margin-left: 0px; \" \/><br \/>\n<\/font><\/p>\n<p class=\"MsoNormal\" style=\"padding-top: 0px; padding-right: 0px; padding-bottom: 0px; padding-left: 0px; margin-top: 0px; margin-right: 0px; margin-bottom: 0px; margin-left: 0px; color: rgb(44, 44, 44); font-family: 'Trebuchet MS', sans-serif; font-size: 14px; line-height: 20px; \"><font class=\"Apple-style-span\" face=\"Arial, sans-serif\" style=\"padding-top: 0px; padding-right: 0px; padding-bottom: 0px; padding-left: 0px; margin-top: 0px; margin-right: 0px; margin-bottom: 0px; margin-left: 0px; \">O PT avalia que o Paran&aacute; regrediu perigosamente. A pr&aacute;tica do governo Beto Richa remete a uma pol&iacute;tica de totalistarismo disfar&ccedil;ado de &quot;bom-mocismo&quot; somado a muito Photoshop midi&aacute;tico.<br style=\"padding-top: 0px; padding-right: 0px; padding-bottom: 0px; padding-left: 0px; margin-top: 0px; margin-right: 0px; margin-bottom: 0px; margin-left: 0px; \" \/><br \/>\n<br style=\"padding-top: 0px; padding-right: 0px; padding-bottom: 0px; padding-left: 0px; margin-top: 0px; margin-right: 0px; margin-bottom: 0px; margin-left: 0px; \" \/><br \/>\n<\/font><\/p>\n<p class=\"MsoNormal\" style=\"padding-top: 0px; padding-right: 0px; padding-bottom: 0px; padding-left: 0px; margin-top: 0px; margin-right: 0px; margin-bottom: 0px; margin-left: 0px; color: rgb(44, 44, 44); font-family: 'Trebuchet MS', sans-serif; font-size: 14px; line-height: 20px; \"><font class=\"Apple-style-span\" face=\"Arial, sans-serif\" style=\"padding-top: 0px; padding-right: 0px; padding-bottom: 0px; padding-left: 0px; margin-top: 0px; margin-right: 0px; margin-bottom: 0px; margin-left: 0px; \">O Partido dos Trabalhadores do Paran&aacute; expressa sua preocupa&ccedil;&atilde;o em favor de tarifas justas e servi&ccedil;os eficientes no Detran, da retomada da legitimidade da Assembleia Legislativa como representante leg&iacute;timo dos interesses da popula&ccedil;&atilde;o e da diminui&ccedil;&atilde;o das desigualdades sociais e regionais do Paran&aacute;.<br style=\"padding-top: 0px; padding-right: 0px; padding-bottom: 0px; padding-left: 0px; margin-top: 0px; margin-right: 0px; margin-bottom: 0px; margin-left: 0px; \" \/><br \/>\n<br style=\"padding-top: 0px; padding-right: 0px; padding-bottom: 0px; padding-left: 0px; margin-top: 0px; margin-right: 0px; margin-bottom: 0px; margin-left: 0px; \" \/><br \/>\n<\/font><\/p>\n<p class=\"MsoNormal\" style=\"padding-top: 0px; padding-right: 0px; padding-bottom: 0px; padding-left: 0px; margin-top: 0px; margin-right: 0px; margin-bottom: 0px; margin-left: 0px; color: rgb(44, 44, 44); font-family: 'Trebuchet MS', sans-serif; font-size: 14px; line-height: 20px; \"><font class=\"Apple-style-span\" face=\"Arial, sans-serif\" style=\"padding-top: 0px; padding-right: 0px; padding-bottom: 0px; padding-left: 0px; margin-top: 0px; margin-right: 0px; margin-bottom: 0px; margin-left: 0px; \">Curitiba, 9 de novembro de 2011.<br style=\"padding-top: 0px; padding-right: 0px; padding-bottom: 0px; padding-left: 0px; margin-top: 0px; margin-right: 0px; margin-bottom: 0px; margin-left: 0px; \" \/><br \/>\n<br style=\"padding-top: 0px; padding-right: 0px; padding-bottom: 0px; padding-left: 0px; margin-top: 0px; margin-right: 0px; margin-bottom: 0px; margin-left: 0px; \" \/><br \/>\n<\/font><\/p>\n<p class=\"MsoNormal\" style=\"padding-top: 0px; padding-right: 0px; padding-bottom: 0px; padding-left: 0px; margin-top: 0px; margin-right: 0px; margin-bottom: 0px; margin-left: 0px; color: rgb(44, 44, 44); font-family: 'Trebuchet MS', sans-serif; font-size: 14px; line-height: 20px; \"><font class=\"Apple-style-span\" face=\"Arial, sans-serif\" style=\"padding-top: 0px; padding-right: 0px; padding-bottom: 0px; padding-left: 0px; margin-top: 0px; margin-right: 0px; margin-bottom: 0px; margin-left: 0px; \">Enio Verri &#8211;&nbsp;Presidente do Diret&oacute;rio Estadual do Partido dos Trabalhadores do Paran&aacute; .<br style=\"padding-top: 0px; padding-right: 0px; padding-bottom: 0px; padding-left: 0px; margin-top: 0px; margin-right: 0px; margin-bottom: 0px; margin-left: 0px; \" \/><br \/>\n<\/font><\/p>\n","protected":false},"excerpt":{"rendered":"<p>O presidente do Partido dos Trabalhadores do Paran\u00e1, deputado Enio Verri, em nome Diret\u00f3rio Estadual do PT, vem manifestar sua contrariedade e preocupa\u00e7\u00e3o com a aprova\u00e7\u00e3o do Projeto de Lei do govenador Beto Richa (PSDB) que institui o tarifa\u00e7o nas taxas do Detran a partir do in\u00edcio de 2012.<\/p>\n","protected":false},"author":1,"featured_media":27230,"comment_status":"open","ping_status":"open","sticky":false,"template":"","format":"standard","meta":{"footnotes":""},"categories":[1],"tags":[6329],"class_list":["post-27231","post","type-post","status-publish","format-standard","has-post-thumbnail","hentry","category-noticias-zeca-dirceu","tag-nota-a-imprensa-do-pt-pr-sobre-o-tarifaco-do-governo-beto-richa"],"_links":{"self":[{"href":"https:\/\/teste.bsb.br\/zeca\/wp-json\/wp\/v2\/posts\/27231","targetHints":{"allow":["GET"]}}],"collection":[{"href":"https:\/\/teste.bsb.br\/zeca\/wp-json\/wp\/v2\/posts"}],"about":[{"href":"https:\/\/teste.bsb.br\/zeca\/wp-json\/wp\/v2\/types\/post"}],"author":[{"embeddable":true,"href":"https:\/\/teste.bsb.br\/zeca\/wp-json\/wp\/v2\/users\/1"}],"replies":[{"embeddable":true,"href":"https:\/\/teste.bsb.br\/zeca\/wp-json\/wp\/v2\/comments?post=27231"}],"version-history":[{"count":0,"href":"https:\/\/teste.bsb.br\/zeca\/wp-json\/wp\/v2\/posts\/27231\/revisions"}],"wp:featuredmedia":[{"embeddable":true,"href":"https:\/\/teste.bsb.br\/zeca\/wp-json\/wp\/v2\/media\/27230"}],"wp:attachment":[{"href":"https:\/\/teste.bsb.br\/zeca\/wp-json\/wp\/v2\/media?parent=27231"}],"wp:term":[{"taxonomy":"category","embeddable":true,"href":"https:\/\/teste.bsb.br\/zeca\/wp-json\/wp\/v2\/categories?post=27231"},{"taxonomy":"post_tag","embeddable":true,"href":"https:\/\/teste.bsb.br\/zeca\/wp-json\/wp\/v2\/tags?post=27231"}],"curies":[{"name":"wp","href":"https:\/\/api.w.org\/{rel}","templated":true}]}}