{"id":27211,"date":"2011-11-11T00:00:00","date_gmt":"2011-11-11T02:00:00","guid":{"rendered":"https:\/\/www.zecadirceu.com.br\/uniao-aumenta-limite-do-parana-para-captacao-de-financiamentos\/"},"modified":"2011-11-11T00:00:00","modified_gmt":"2011-11-11T02:00:00","slug":"uniao-aumenta-limite-do-parana-para-captacao-de-financiamentos","status":"publish","type":"post","link":"https:\/\/teste.bsb.br\/zeca\/uniao-aumenta-limite-do-parana-para-captacao-de-financiamentos\/","title":{"rendered":"Uni\u00e3o aumenta limite do Paran\u00e1 para capta\u00e7\u00e3o de financiamentos"},"content":{"rendered":"<p><span class=\"Apple-style-span\" style=\"font-family: 'Trebuchet MS', ARIAL; \">O governador Beto Richa assinou nesta quinta-feira, em Bras&iacute;lia, com a presidente Dilma Rousseff e o ministro da Fazenda, Guido Mantega, um termo de ajuste que amplia em R$ 1,364 bilh&atilde;o a capacidade do Paran&aacute; de contrair financiamentos internos e externos para investimentos. O compromisso integra o Programa de Ajuste Fiscal do governo federal.&nbsp;<\/span><br style=\"font-family: 'Trebuchet MS', ARIAL; text-align: justify; \" \/><br \/>\n<span class=\"Apple-style-span\" style=\"font-family: 'Trebuchet MS', ARIAL; text-align: justify; \"><br \/>\nDe acordo com Richa, os novos limites fiscais para acesso &agrave;s linhas de cr&eacute;dito v&atilde;o permitir ao Paran&aacute; captar recursos para a realiza&ccedil;&atilde;o de diversos programas e obras previstas no Plano de Governo nos pr&oacute;ximos anos. Segundo ele, o Estado negocia R$ 1,7 bilh&atilde;o em financiamentos com organismos nacionais e internacionais de fomento, com contrapartida de R$ 2 bilh&otilde;es. &ldquo;Somente com recursos or&ccedil;ament&aacute;rios pr&oacute;prios todos os estados est&atilde;o com dificuldade para investir&rdquo;, afirmou.&nbsp;<\/span><br style=\"font-family: 'Trebuchet MS', ARIAL; text-align: justify; \" \/><br \/>\n<span class=\"Apple-style-span\" style=\"font-family: 'Trebuchet MS', ARIAL; text-align: justify; \">O governador reconheceu a boa vontade do governo federal com os estados que est&atilde;o buscando realizar seus ajustes fiscais e destacou a rela&ccedil;&atilde;o harmoniosa e republicana que mant&eacute;m com a presidente Dilma Rousseff. &ldquo;Temos celebrado importantes parcerias em favor do Paran&aacute;. Se n&atilde;o fosse esta rela&ccedil;&atilde;o estreita, muitos investimentos n&atilde;o estariam acontecendo no nosso Estado&rdquo;, afirmou Richa.&nbsp;<\/span><br style=\"font-family: 'Trebuchet MS', ARIAL; text-align: justify; \" \/><br \/>\n<span class=\"Apple-style-span\" style=\"font-family: 'Trebuchet MS', ARIAL; text-align: justify; \"><br \/>\nA presidente Dilma Rousseff afirmou que a capacidade dos estados de abrir espa&ccedil;o para investir, num momento em que a economia mundial passa por dificuldades, deve ser comemorada. &ldquo;&Eacute; uma conquista do Brasil&rdquo;, disse ela, complementando que o acordo assinado vai levar mais investimentos para todos os cantos do pa&iacute;s e contribuir para elevar a taxa nacional de investimento. &ldquo;Isso demonstra que vivemos uma grande fase de estabilidade&rdquo;, declarou.&nbsp;<\/span><br style=\"font-family: 'Trebuchet MS', ARIAL; text-align: justify; \" \/><br \/>\n<span class=\"Apple-style-span\" style=\"font-family: 'Trebuchet MS', ARIAL; text-align: justify; \">BANCOS<\/span><br style=\"font-family: 'Trebuchet MS', ARIAL; text-align: justify; \" \/><br \/>\n<span class=\"Apple-style-span\" style=\"font-family: 'Trebuchet MS', ARIAL; text-align: justify; \"><br \/>\nDe acordo com o secret&aacute;rio estadual da Fazenda, Luiz Carlos Hauly, os recursos que o Paran&aacute; busca ser&atilde;o financiados pelo Banco Nacional de Desenvolvimento Econ&ocirc;mico e Social (BNDES), Banco Mundial (Bird) e Banco Interamericano de Desenvolvimento (BID). &ldquo;V&atilde;o proporcionar a execu&ccedil;&atilde;o de programas nas &aacute;reas de infraestrutura, seguran&ccedil;a, sa&uacute;de, fam&iacute;lia e transportes. Todos prev&ecirc;em a gera&ccedil;&atilde;o de renda e de emprego&rdquo;, explicou.&nbsp;<\/span><br style=\"font-family: 'Trebuchet MS', ARIAL; text-align: justify; \" \/><br \/>\n<span class=\"Apple-style-span\" style=\"font-family: 'Trebuchet MS', ARIAL; text-align: justify; \">O aumento dos limites do Paran&aacute; foi obtido a partir da an&aacute;lise das metas fiscais feita pela Secretaria do Tesouro Nacional (STN), de acordo com dados apresentados pelo governo do Paran&aacute;. A &uacute;ltima reuni&atilde;o t&eacute;cnica foi realizada em 23 de agosto deste ano. &ldquo;&Agrave; &eacute;poca, a comiss&atilde;o paranaense foi cumprimentada pela solidez fiscal obtida neste ano&rdquo;, afirmou Hauly.&nbsp;<\/span><br style=\"font-family: 'Trebuchet MS', ARIAL; text-align: justify; \" \/><br \/>\n<span class=\"Apple-style-span\" style=\"font-family: 'Trebuchet MS', ARIAL; text-align: justify; \"><br \/>\nO ministro da Fazenda, Guido Mantega, afirmou que o espa&ccedil;o para capta&ccedil;&atilde;o de financiamentos deve ampliar os investimentos em infraestrutura, mobilidade urbana, saneamento, seguran&ccedil;a, sa&uacute;de e educa&ccedil;&atilde;o. &ldquo;A amplia&ccedil;&atilde;o dos limites fiscais para os estados n&atilde;o conflita com a nossa pol&iacute;tica fiscal e sim a refor&ccedil;a. Todos os estados t&ecirc;m melhorado suas contas e a Lei de Responsabilidade Fiscal est&aacute; sendo cumprida &agrave; risca&rdquo;, destacou ele.&nbsp;<\/span><br style=\"font-family: 'Trebuchet MS', ARIAL; text-align: justify; \" \/><br \/>\n<span class=\"Apple-style-span\" style=\"font-family: 'Trebuchet MS', ARIAL; text-align: justify; \">Os governadores de S&atilde;o Paulo, Minas Gerais, Rio Grande do Sul, Maranh&atilde;o e Alagoas tamb&eacute;m assinaram ajustes fiscais para seus Estados. A prioridade, segundo explicou a presidente Dilma na cerim&ocirc;nia, &eacute; enfrentar a falta de infraestrutura para suportar o crescimento econ&ocirc;mico do pa&iacute;s. &ldquo;N&oacute;s podemos, com estabilidade, fazer o Brasil crescer&rdquo;.<\/span><br style=\"font-family: 'Trebuchet MS', ARIAL; text-align: justify; \" \/><br \/>\n<span class=\"Apple-style-span\" style=\"font-family: 'Trebuchet MS', ARIAL; text-align: justify; \">&nbsp;<\/span><\/p>\n","protected":false},"excerpt":{"rendered":"<p>O governador Beto Richa assinou nesta quinta-feira, em Bras\u00edlia, com a presidente Dilma Rousseff e o ministro da Fazenda, Guido Mantega, um termo de ajuste que amplia em R$ 1,364 bilh\u00e3o a capacidade do Paran\u00e1 de contrair financiamentos internos e externos para investimentos. O compromisso integra o Programa de Ajuste Fiscal do governo federal.<\/p>\n","protected":false},"author":1,"featured_media":27210,"comment_status":"open","ping_status":"open","sticky":false,"template":"","format":"standard","meta":{"footnotes":""},"categories":[1],"tags":[6322],"class_list":["post-27211","post","type-post","status-publish","format-standard","has-post-thumbnail","hentry","category-noticias-zeca-dirceu","tag-uniao-aumenta-limite-do-parana-para-captacao-de-financiamentos"],"_links":{"self":[{"href":"https:\/\/teste.bsb.br\/zeca\/wp-json\/wp\/v2\/posts\/27211","targetHints":{"allow":["GET"]}}],"collection":[{"href":"https:\/\/teste.bsb.br\/zeca\/wp-json\/wp\/v2\/posts"}],"about":[{"href":"https:\/\/teste.bsb.br\/zeca\/wp-json\/wp\/v2\/types\/post"}],"author":[{"embeddable":true,"href":"https:\/\/teste.bsb.br\/zeca\/wp-json\/wp\/v2\/users\/1"}],"replies":[{"embeddable":true,"href":"https:\/\/teste.bsb.br\/zeca\/wp-json\/wp\/v2\/comments?post=27211"}],"version-history":[{"count":0,"href":"https:\/\/teste.bsb.br\/zeca\/wp-json\/wp\/v2\/posts\/27211\/revisions"}],"wp:featuredmedia":[{"embeddable":true,"href":"https:\/\/teste.bsb.br\/zeca\/wp-json\/wp\/v2\/media\/27210"}],"wp:attachment":[{"href":"https:\/\/teste.bsb.br\/zeca\/wp-json\/wp\/v2\/media?parent=27211"}],"wp:term":[{"taxonomy":"category","embeddable":true,"href":"https:\/\/teste.bsb.br\/zeca\/wp-json\/wp\/v2\/categories?post=27211"},{"taxonomy":"post_tag","embeddable":true,"href":"https:\/\/teste.bsb.br\/zeca\/wp-json\/wp\/v2\/tags?post=27211"}],"curies":[{"name":"wp","href":"https:\/\/api.w.org\/{rel}","templated":true}]}}