{"id":27209,"date":"2011-11-11T00:00:00","date_gmt":"2011-11-11T02:00:00","guid":{"rendered":"https:\/\/www.zecadirceu.com.br\/lula-e-dilma-no-programa-do-pt\/"},"modified":"2011-11-11T00:00:00","modified_gmt":"2011-11-11T02:00:00","slug":"lula-e-dilma-no-programa-do-pt","status":"publish","type":"post","link":"https:\/\/teste.bsb.br\/zeca\/lula-e-dilma-no-programa-do-pt\/","title":{"rendered":"Lula e Dilma no programa do PT"},"content":{"rendered":"<p>&nbsp;Lula e Dilma ser&atilde;o protagonistas do programa que o PT levar&aacute; ao ar no dia 8 de dezembro. O presidente nacional do partido, Rui Falc&atilde;o, apresentou ontem &agrave; Executiva Nacional do PT a linha do programa partid&aacute;rio. Segundo participantes da reuni&atilde;o, a inten&ccedil;&atilde;o &eacute; contar a hist&oacute;ria dos 31 anos do partido. Da funda&ccedil;&atilde;o ao governo Dilma. Assim como a presidente, Lula ser&aacute; estrela do programa mesmo que n&atilde;o grave uma participa&ccedil;&atilde;o exclusivamente para isso. Em tratamento contra um c&acirc;ncer na laringe, Lula ainda n&atilde;o informou ao PT se gravar&aacute; para o programa.<\/p>\n<p class=\"MsoNormal\"><o:p><\/o:p><\/p>\n<p class=\"MsoNormal\"><o:p>&nbsp;<\/o:p><\/p>\n<p class=\"MsoNormal\">Notas Pol&iacute;ticas da Gazeta do Povo desta sexta-feira, 11.<\/p>\n","protected":false},"excerpt":{"rendered":"<p>Lula e Dilma ser\u00e3o protagonistas do programa que o PT levar\u00e1 ao ar no dia 8 de dezembro. O presidente nacional do partido, Rui Falc\u00e3o, apresentou ontem \u00e0 Executiva Nacional do PT a linha do programa partid\u00e1rio. Segundo participantes da reuni\u00e3o, a inten\u00e7\u00e3o \u00e9 contar a hist\u00f3ria dos 31 anos do partido. Da funda\u00e7\u00e3o ao governo Dilma. Assim como a presidente, Lula ser\u00e1 estrela do programa mesmo que n\u00e3o grave uma participa\u00e7\u00e3o exclusivamente para isso. Em tratamento contra um c\u00e2ncer na laringe, Lula ainda n\u00e3o informou ao PT se gravar\u00e1 para o programa.<\/p>\n","protected":false},"author":1,"featured_media":27208,"comment_status":"open","ping_status":"open","sticky":false,"template":"","format":"standard","meta":{"footnotes":""},"categories":[1],"tags":[6321],"class_list":["post-27209","post","type-post","status-publish","format-standard","has-post-thumbnail","hentry","category-noticias-zeca-dirceu","tag-lula-e-dilma-no-programa-do-pt"],"_links":{"self":[{"href":"https:\/\/teste.bsb.br\/zeca\/wp-json\/wp\/v2\/posts\/27209","targetHints":{"allow":["GET"]}}],"collection":[{"href":"https:\/\/teste.bsb.br\/zeca\/wp-json\/wp\/v2\/posts"}],"about":[{"href":"https:\/\/teste.bsb.br\/zeca\/wp-json\/wp\/v2\/types\/post"}],"author":[{"embeddable":true,"href":"https:\/\/teste.bsb.br\/zeca\/wp-json\/wp\/v2\/users\/1"}],"replies":[{"embeddable":true,"href":"https:\/\/teste.bsb.br\/zeca\/wp-json\/wp\/v2\/comments?post=27209"}],"version-history":[{"count":0,"href":"https:\/\/teste.bsb.br\/zeca\/wp-json\/wp\/v2\/posts\/27209\/revisions"}],"wp:featuredmedia":[{"embeddable":true,"href":"https:\/\/teste.bsb.br\/zeca\/wp-json\/wp\/v2\/media\/27208"}],"wp:attachment":[{"href":"https:\/\/teste.bsb.br\/zeca\/wp-json\/wp\/v2\/media?parent=27209"}],"wp:term":[{"taxonomy":"category","embeddable":true,"href":"https:\/\/teste.bsb.br\/zeca\/wp-json\/wp\/v2\/categories?post=27209"},{"taxonomy":"post_tag","embeddable":true,"href":"https:\/\/teste.bsb.br\/zeca\/wp-json\/wp\/v2\/tags?post=27209"}],"curies":[{"name":"wp","href":"https:\/\/api.w.org\/{rel}","templated":true}]}}