{"id":27197,"date":"2011-11-11T00:00:00","date_gmt":"2011-11-11T02:00:00","guid":{"rendered":"https:\/\/www.zecadirceu.com.br\/cataratas-do-iguacu-sao-eleitas-uma-das-novas-maravilhas-da-natureza\/"},"modified":"2011-11-11T00:00:00","modified_gmt":"2011-11-11T02:00:00","slug":"cataratas-do-iguacu-sao-eleitas-uma-das-novas-maravilhas-da-natureza","status":"publish","type":"post","link":"https:\/\/teste.bsb.br\/zeca\/cataratas-do-iguacu-sao-eleitas-uma-das-novas-maravilhas-da-natureza\/","title":{"rendered":"Cataratas do Igua\u00e7u s\u00e3o eleitas uma das Novas Maravilhas da Natureza"},"content":{"rendered":"<p>&nbsp;<span class=\"Apple-style-span\" style=\"font-family: 'Trebuchet MS', sans-serif; font-size: 16px; \">As Cataratas  do Igua&ccedil;u s&atilde;o uma das Novas Maravilhas da Natureza, conforme resultado  preliminar da Funda&ccedil;&atilde;o New Seven Wonders divulgado no site da entidade, no final  da tarde de sexta-feira (11), &agrave;s 17h07 (hor&aacute;rio de Bras&iacute;lia). Outra atra&ccedil;&atilde;o  brasileira eleita foi a Amaz&ocirc;nia.<font class=\"Apple-style-span\" face=\"'Trebuchet MS', sans-serif\" size=\"3\"><br \/>\n<\/font><\/span><\/p>\n<p class=\"ecxMsoNormal\"><span style=\"FONT-FAMILY: 'Trebuchet MS','sans-serif'; FONT-SIZE: 12pt\">Na Terra das  Cataratas a not&iacute;cia foi recebida como uma vit&oacute;ria da sele&ccedil;&atilde;o brasileira em uma  final de Copa do Mundo. As demais maravilhas s&atilde;o: Ba&iacute;a Ha Long, Vietn&atilde;; Jeju-do,  Coreia do Sul; Komodo, Indon&eacute;sia; Rio Subterr&acirc;neo de Porto Princesa, Filipinas;  e Table Mountain (Montanha da Vida), &Aacute;frica do Sul. <\/span><font class=\"Apple-style-span\" face=\"'Trebuchet MS', sans-serif\" size=\"3\"><br \/>\n<\/font><\/p>\n<p class=\"ecxMsoNormal\"><span style=\"FONT-FAMILY: 'Trebuchet MS','sans-serif'; FONT-SIZE: 12pt\">O  diretor-geral brasileiro de Itaipu Binacional, Jorge Samek, comemorou o  resultado da vota&ccedil;&atilde;o e fez quest&atilde;o de agradecer a todos, moradores da regi&atilde;o ou  n&atilde;o. Segundo ele, a elei&ccedil;&atilde;o confirma o que todos j&aacute; sabiam: que o principal  atrativo das Tr&ecirc;s Fronteiras &eacute;, se n&atilde;o o primeiro, um dos destinos mais belos do  planeta. &ldquo;Aquilo que j&aacute; era de direito conquistamos tamb&eacute;m no voto&rdquo;,  afirmou.<\/span><font class=\"Apple-style-span\" face=\"'Trebuchet MS', sans-serif\" size=\"3\"><br \/>\n<\/font><\/p>\n<p class=\"ecxMsoNormal\"><span style=\"FONT-FAMILY: 'Trebuchet MS','sans-serif'; FONT-SIZE: 12pt\">Para Celso  Flor&ecirc;ncio, gerente-geral da Concession&aacute;ria Cataratas do Igua&ccedil;u S\/A, a  mobiliza&ccedil;&atilde;o da comunidade e a participa&ccedil;&atilde;o de artistas e esportistas foram  fundamentais para esta elei&ccedil;&atilde;o. &ldquo;Estamos muito felizes com esta escolha e  estamos trabalhando cada vez mais para que possamos oferecer ao p&uacute;blico uma  estrutura ainda melhor para apreciar esta nova maravilha da natureza&rdquo;, destacou.  <\/span><font class=\"Apple-style-span\" face=\"'Trebuchet MS', sans-serif\" size=\"3\"><br \/>\n<\/font><\/p>\n<p class=\"ecxMsoNormal\"><b><span style=\"FONT-FAMILY: 'Trebuchet MS','sans-serif'; FONT-SIZE: 12pt\">Hist&oacute;rico da  campanha<\/span><\/b><span style=\"FONT-FAMILY: 'Trebuchet MS','sans-serif'; FONT-SIZE: 12pt\"> &#8211; A elei&ccedil;&atilde;o  para as Novas Sete Maravilhas da Natureza teve in&iacute;cio em 2007, com a  participa&ccedil;&atilde;o de 440 atra&ccedil;&otilde;es de 200 pa&iacute;ses e territ&oacute;rios. O Comit&ecirc; Vote  Cataratas foi formado para alavancar votos para o atrativo. Ap&oacute;s duas etapas,  que envolveram o voto popular e a sele&ccedil;&atilde;o de especialistas, as Cataratas do  Igua&ccedil;u conquistaram uma vaga entre as 28 finalistas.<\/span><\/p>\n<p class=\"ecxMsoNormal\"><span style=\"FONT-FAMILY: 'Trebuchet MS','sans-serif'; FONT-SIZE: 12pt\">&nbsp;<\/span><\/p>\n<p class=\"ecxMsoNormal\"><b><span style=\"FONT-FAMILY: 'Trebuchet MS','sans-serif'; FONT-SIZE: 12pt\">(Concession&aacute;ria  Cataratas do Igua&ccedil;u S.A)<\/span><\/b><\/p>\n","protected":false},"excerpt":{"rendered":"<p>As Cataratas do Igua\u00e7u s\u00e3o uma das Novas Maravilhas da Natureza, conforme resultado preliminar da Funda\u00e7\u00e3o New Seven Wonders divulgado no site da entidade, no final da tarde de sexta-feira (11), \u00e0s 17h07 (hor\u00e1rio de Bras\u00edlia). Outra atra\u00e7\u00e3o brasileira eleita foi a Amaz\u00f4nia.<\/p>\n","protected":false},"author":1,"featured_media":27196,"comment_status":"open","ping_status":"open","sticky":false,"template":"","format":"standard","meta":{"footnotes":""},"categories":[1],"tags":[6318],"class_list":["post-27197","post","type-post","status-publish","format-standard","has-post-thumbnail","hentry","category-noticias-zeca-dirceu","tag-cataratas-do-iguacu-sao-eleitas-uma-das-novas-maravilhas-da-natureza"],"_links":{"self":[{"href":"https:\/\/teste.bsb.br\/zeca\/wp-json\/wp\/v2\/posts\/27197","targetHints":{"allow":["GET"]}}],"collection":[{"href":"https:\/\/teste.bsb.br\/zeca\/wp-json\/wp\/v2\/posts"}],"about":[{"href":"https:\/\/teste.bsb.br\/zeca\/wp-json\/wp\/v2\/types\/post"}],"author":[{"embeddable":true,"href":"https:\/\/teste.bsb.br\/zeca\/wp-json\/wp\/v2\/users\/1"}],"replies":[{"embeddable":true,"href":"https:\/\/teste.bsb.br\/zeca\/wp-json\/wp\/v2\/comments?post=27197"}],"version-history":[{"count":0,"href":"https:\/\/teste.bsb.br\/zeca\/wp-json\/wp\/v2\/posts\/27197\/revisions"}],"wp:featuredmedia":[{"embeddable":true,"href":"https:\/\/teste.bsb.br\/zeca\/wp-json\/wp\/v2\/media\/27196"}],"wp:attachment":[{"href":"https:\/\/teste.bsb.br\/zeca\/wp-json\/wp\/v2\/media?parent=27197"}],"wp:term":[{"taxonomy":"category","embeddable":true,"href":"https:\/\/teste.bsb.br\/zeca\/wp-json\/wp\/v2\/categories?post=27197"},{"taxonomy":"post_tag","embeddable":true,"href":"https:\/\/teste.bsb.br\/zeca\/wp-json\/wp\/v2\/tags?post=27197"}],"curies":[{"name":"wp","href":"https:\/\/api.w.org\/{rel}","templated":true}]}}