{"id":27191,"date":"2011-11-13T00:00:00","date_gmt":"2011-11-13T02:00:00","guid":{"rendered":"https:\/\/www.zecadirceu.com.br\/taxa-de-escolaridade-cresce-e-analfabetismo-diminui\/"},"modified":"2011-11-13T00:00:00","modified_gmt":"2011-11-13T02:00:00","slug":"taxa-de-escolaridade-cresce-e-analfabetismo-diminui","status":"publish","type":"post","link":"https:\/\/teste.bsb.br\/zeca\/taxa-de-escolaridade-cresce-e-analfabetismo-diminui\/","title":{"rendered":"Taxa de escolaridade cresce e analfabetismo diminui"},"content":{"rendered":"<p class=\"MsoNormal\">Os jovens entre 15 e 24 anos acumulam mais tempo de escolaridade a cada ano. De acordo com dados do Minist&eacute;rio da Educa&ccedil;&atilde;o (MEC), divulgados neste ano, entre 1997 e 2009, os jovens entre 15 e 17 anos aumentaram em 1,6 ano o tempo de escolariza&ccedil;&atilde;o. Na faixa et&aacute;ria de 20 a 24 anos, a diferen&ccedil;a &eacute; um pouco maior: 1,8 ano. A taxa de escolaridade de jovens de 15 a 17 anos, em 2009, chegou a 7,4. Para os jovens de 20 a 24 anos o &iacute;ndice foi de 9,6 em 2009.<o:p><\/o:p><\/p>\n<p class=\"MsoNormal\">O Brasil registra tamb&eacute;m uma queda constante na taxa de analfabetismo entre maiores de 15 anos. Entre 2003 e 2010, o Pa&iacute;s conseguiu reduzir o &iacute;ndice de 11,6 para 9,6. <o:p><\/o:p><\/p>\n<p class=\"MsoNormal\">Brasil Alfabetizado &#8211; O MEC realiza, desde 2003, o Programa Brasil Alfabetizado (PBA), voltado para a alfabetiza&ccedil;&atilde;o de jovens, adultos e idosos. O programa &eacute; desenvolvido em todo o territ&oacute;rio nacional, com o atendimento priorit&aacute;rio a 1.928 munic&iacute;pios, que apresentam taxa de analfabetismo igual ou superior a 25%. A regi&atilde;o Nordeste re&uacute;ne 90% destas localidades, que recebem apoio t&eacute;cnico na implementa&ccedil;&atilde;o das a&ccedil;&otilde;es do programa, de forma a garantir a continuidade dos estudos aos alfabetizandos. <o:p><\/o:p><\/p>\n<p class=\"MsoNormal\">O atendimento da popula&ccedil;&atilde;o pelo Brasil Alfabetizado depende da ades&atilde;o do munic&iacute;pio ao programa, o que deve ser feito pela administra&ccedil;&atilde;o municipal.<\/p>\n<p class=\"MsoNormal\">Secom<\/p>\n","protected":false},"excerpt":{"rendered":"<p>Os jovens entre 15 e 24 anos acumulam mais tempo de escolaridade a cada ano. De acordo com dados do Minist\u00e9rio da Educa\u00e7\u00e3o (MEC), divulgados neste ano, entre 1997 e 2009, os jovens entre 15 e 17 anos aumentaram em 1,6 ano o tempo de escolariza\u00e7\u00e3o. Na faixa et\u00e1ria de 20 a 24 anos, a diferen\u00e7a \u00e9 um pouco maior: 1,8 ano. A taxa de escolaridade de jovens de 15 a 17 anos, em 2009, chegou a 7,4. Para os jovens de 20 a 24 anos o \u00edndice foi de 9,6 em 2009.<\/p>\n","protected":false},"author":1,"featured_media":27190,"comment_status":"open","ping_status":"open","sticky":false,"template":"","format":"standard","meta":{"footnotes":""},"categories":[1],"tags":[6315],"class_list":["post-27191","post","type-post","status-publish","format-standard","has-post-thumbnail","hentry","category-noticias-zeca-dirceu","tag-taxa-de-escolaridade-cresce-e-analfabetismo-diminui"],"_links":{"self":[{"href":"https:\/\/teste.bsb.br\/zeca\/wp-json\/wp\/v2\/posts\/27191","targetHints":{"allow":["GET"]}}],"collection":[{"href":"https:\/\/teste.bsb.br\/zeca\/wp-json\/wp\/v2\/posts"}],"about":[{"href":"https:\/\/teste.bsb.br\/zeca\/wp-json\/wp\/v2\/types\/post"}],"author":[{"embeddable":true,"href":"https:\/\/teste.bsb.br\/zeca\/wp-json\/wp\/v2\/users\/1"}],"replies":[{"embeddable":true,"href":"https:\/\/teste.bsb.br\/zeca\/wp-json\/wp\/v2\/comments?post=27191"}],"version-history":[{"count":0,"href":"https:\/\/teste.bsb.br\/zeca\/wp-json\/wp\/v2\/posts\/27191\/revisions"}],"wp:featuredmedia":[{"embeddable":true,"href":"https:\/\/teste.bsb.br\/zeca\/wp-json\/wp\/v2\/media\/27190"}],"wp:attachment":[{"href":"https:\/\/teste.bsb.br\/zeca\/wp-json\/wp\/v2\/media?parent=27191"}],"wp:term":[{"taxonomy":"category","embeddable":true,"href":"https:\/\/teste.bsb.br\/zeca\/wp-json\/wp\/v2\/categories?post=27191"},{"taxonomy":"post_tag","embeddable":true,"href":"https:\/\/teste.bsb.br\/zeca\/wp-json\/wp\/v2\/tags?post=27191"}],"curies":[{"name":"wp","href":"https:\/\/api.w.org\/{rel}","templated":true}]}}