{"id":27189,"date":"2011-11-13T00:00:00","date_gmt":"2011-11-13T02:00:00","guid":{"rendered":"https:\/\/www.zecadirceu.com.br\/umuarama-em-contagem-regressiva-inauguracao-do-centro-de-eventos\/"},"modified":"2011-11-13T00:00:00","modified_gmt":"2011-11-13T02:00:00","slug":"umuarama-em-contagem-regressiva-inauguracao-do-centro-de-eventos","status":"publish","type":"post","link":"https:\/\/teste.bsb.br\/zeca\/umuarama-em-contagem-regressiva-inauguracao-do-centro-de-eventos\/","title":{"rendered":"Umuarama em contagem regressiva: inaugura\u00e7\u00e3o do Centro de Eventos"},"content":{"rendered":"<p>&nbsp;<span class=\"Apple-style-span\" style=\"font-family: 'Trebuchet MS', ARIAL; \">Todas as aten&ccedil;&otilde;es est&atilde;o voltadas para a constru&ccedil;&atilde;o do futuro Centro de Eventos de Umuarama, obra iniciada no segundo semestre de 2009 em vasto terreno do Parque de Exposi&ccedil;&otilde;es. A expectativa com rela&ccedil;&atilde;o ao t&eacute;rmino do majestoso pr&eacute;dio cresce a cada dia que passa, diante da import&acirc;ncia desse amplo espa&ccedil;o para a realiza&ccedil;&atilde;o de um variado leque de promo&ccedil;&otilde;es do g&ecirc;nero comercial, sumamente importantes para a economia do munic&iacute;pio e at&eacute; mesmo para as cidades vizinhas.<br \/>\n<\/span><br style=\"font-family: 'Trebuchet MS', ARIAL; text-align: justify; \" \/><br \/>\n<span class=\"Apple-style-span\" style=\"font-family: 'Trebuchet MS', ARIAL; text-align: justify; \">Um dos umuaramenses mais entusiasmados com o atual ritmo da constru&ccedil;&atilde;o do CEU &eacute; o prefeito Moacir Silva, dono de uma inconfund&iacute;vel energia para realizar obras que gerem desenvolvimento, que visita constantemente o canteiro de obras do Centro de Eventos. Moacir n&atilde;o esconde o prazer de ver o est&aacute;gio avan&ccedil;ado da constru&ccedil;&atilde;o conforme estipula o cronograma do projeto.<br \/>\n<\/span><br style=\"font-family: 'Trebuchet MS', ARIAL; text-align: justify; \" \/><br \/>\n<span class=\"Apple-style-span\" style=\"font-family: 'Trebuchet MS', ARIAL; text-align: justify; \">Se n&atilde;o surgirem contratempos, principalmente chuvas que possam causar qualquer tipo de atraso, a previs&atilde;o &eacute; de que o Centro de Eventos esteja conclu&iacute;do no in&iacute;cio de 2012 (provavelmente em janeiro ou fevereiro) e pronto para ser inaugurado com muita pompa e circunst&acirc;ncia, como exige uma realiza&ccedil;&atilde;o desse porte. Afinal, trata-se de um sonho que a comunidade vem alimentando h&aacute; no m&iacute;nimo duas d&eacute;cadas, principalmente os setores do com&eacute;rcio e da ind&uacute;stria, carentes de um espa&ccedil;o adequado para eventos tem&aacute;ticos.<\/span><br style=\"font-family: 'Trebuchet MS', ARIAL; text-align: justify; \" \/><br \/>\n<span class=\"Apple-style-span\" style=\"font-family: 'Trebuchet MS', ARIAL; text-align: justify; \">Exemplo disso, apenas para citar um de uma longa lista, &eacute; a Feira Ponta de Estoque, que a cada ano tem que ser realizada em lugares diferentes e improvisados, a maioria sem infra-estrutura pr&oacute;pria para tais promo&ccedil;&otilde;es. Outro evento que est&aacute; na fila de espera da inaugura&ccedil;&atilde;o do CEU &eacute; a Feira de Im&oacute;veis, que por falta de maior espa&ccedil;o continua acontecendo ainda na Pra&ccedil;a Santos Dumont.<\/span><br style=\"font-family: 'Trebuchet MS', ARIAL; text-align: justify; \" \/><br \/>\n<span class=\"Apple-style-span\" style=\"font-family: 'Trebuchet MS', ARIAL; text-align: justify; \">&nbsp;<\/span><\/p>\n<p style=\"font-family: 'Trebuchet MS', ARIAL; text-align: justify; \">&nbsp;<\/p>\n<p style=\"font-family: 'Trebuchet MS', ARIAL; text-align: justify; \">Um sonho a caminho da realidade<\/p>\n<p style=\"font-family: 'Trebuchet MS', ARIAL; text-align: justify; \">Com a expans&atilde;o dos segmentos comercial e industrial na d&eacute;cada de 1990, a sociedade organizada de Umuarama passou a cobrar com maior &iacute;mpeto das autoridades das esferas municipal, estadual e federal a edifica&ccedil;&atilde;o de um complexo apropriado para a realiza&ccedil;&atilde;o de feiras, conven&ccedil;&otilde;es e at&eacute; mesmo espet&aacute;culos de cunho art&iacute;stico com a capacidade de acomodar grandes plat&eacute;ias.<\/p>\n<p>Depois de um cansativo lenga-lenga, pr&oacute;prio do bin&ocirc;mio pol&iacute;tica-burocracia, finalmente, em 2009, teve in&iacute;cio a transforma&ccedil;&atilde;o desse sonho em realidade, atrav&eacute;s de verbas do Governo Federal (Minist&eacute;rio do Turismo) e de recursos pr&oacute;prios da Prefeitura de Umuarama. Depois de conclu&iacute;da toda a peregrina&ccedil;&atilde;o burocr&aacute;tica, a constru&ccedil;&atilde;o come&ccedil;ou e a primeira fase do projeto j&aacute; est&aacute; terminada, abrangendo 3.898 metros quadrados (pavilh&atilde;o com estrutura met&aacute;lica e outras depend&ecirc;ncias, estacionamento, etc).<br \/>\nA segunda etapa do CEU j&aacute; est&aacute; em desenvolvimento, com a constru&ccedil;&atilde;o do hall de entrada, um audit&oacute;rio com 700 lugares, um heliponto, cal&ccedil;amento do estacionamento e jardins. Ao ser conclu&iacute;do, o CEU ter&aacute; 6.125 metros quadrados de constru&ccedil;&atilde;o, 8 mil metros quadrados de estacionamento e 1.500 metros de jardins. E capacidade para receber um p&uacute;blico de at&eacute; dez mil pessoas (tr&ecirc;s por metro quadrado) para assistir shows, por exemplo.<\/p>\n<p>O futuro Centro de Eventos de Umuarama est&aacute; sendo constru&iacute;do na entrada do Parque de Exposi&ccedil;&otilde;es, em terreno de propriedade do munic&iacute;pio. Uma &aacute;rea de f&aacute;cil acesso para os visitantes, bem como para a carga e descarga de estruturas necess&aacute;rias para eventos de grande porte, al&eacute;m de dispor de &aacute;rea suficiente para estacionamento de ve&iacute;culos, o que n&atilde;o acontece na &aacute;rea urbana de Umuarama.<br \/>\n&nbsp;<\/p>\n<p style=\"font-family: 'Trebuchet MS', ARIAL; text-align: justify; \">O primeiro heliponto da cidade<\/p>\n<p style=\"font-family: 'Trebuchet MS', ARIAL; text-align: justify; \">Logo depois de conclu&iacute;da a primeira fase de constru&ccedil;&atilde;o, seguem as obras no Parque de Exposi&ccedil;&otilde;es, nesta segunda etapa do Centro de Eventos de Umuarama, o CEU, da qual consta, entre outras instala&ccedil;&otilde;es, um heliponto. Ele ficar&aacute; localizado &agrave; esquerda do hall de entrada. Ser&aacute; o primeiro local espec&iacute;fico para pouso e decolagem de helic&oacute;pteros em Umuarama. &Eacute; bem verdade que esse tipo de aeronaves h&aacute; muito tempo descem e sobem de v&aacute;rias &aacute;reas do per&iacute;metro urbano, como est&aacute;dio, arena de rodeios e outros espa&ccedil;os abertos.<\/p>\n<p>Muita gente confunde &ldquo;heliponto&rdquo; com &ldquo;heliporto&rdquo;. Um heliponto &eacute; uma &aacute;rea nivelada ao solo ou geralmente situada no topo de uma edifica&ccedil;&atilde;o, utilizada unicamente para pousos e decolagens de helic&oacute;pteros. Difere dos heliportos, uma vez que estes consistem unicamente em um ponto para opera&ccedil;&otilde;es de pouso e decolagem, sem a exist&ecirc;ncia de espa&ccedil;os secund&aacute;rios, tais como &aacute;reas de reabastecimento, p&aacute;tios de manobras e hangares para manuten&ccedil;&atilde;o das aeronaves.&nbsp;<br \/>\nQuando um heliponto possui instala&ccedil;&otilde;es e facilidades para o embarque e desembarque de passageiros, uma torre de controle, oficinas, pontos de abastecimento e hangares para guarda de aeronaves &eacute; chamado de heliporto. (ITALO F&Aacute;BIO CASCIOLA)<\/p>\n<p>Ilustrado<\/p>\n","protected":false},"excerpt":{"rendered":"<p>Todas as aten\u00e7\u00f5es est\u00e3o voltadas para a constru\u00e7\u00e3o do futuro Centro de Eventos de Umuarama, obra iniciada no segundo semestre de 2009 em vasto terreno do Parque de Exposi\u00e7\u00f5es. A expectativa com rela\u00e7\u00e3o ao t\u00e9rmino do majestoso pr\u00e9dio cresce a cada dia que passa, diante da import\u00e2ncia desse amplo espa\u00e7o para a realiza\u00e7\u00e3o de um variado leque de promo\u00e7\u00f5es do g\u00eanero comercial, sumamente importantes para a economia do munic\u00edpio e at\u00e9 mesmo para as cidades vizinhas.<\/p>\n","protected":false},"author":1,"featured_media":27188,"comment_status":"open","ping_status":"open","sticky":false,"template":"","format":"standard","meta":{"footnotes":""},"categories":[1],"tags":[6314],"class_list":["post-27189","post","type-post","status-publish","format-standard","has-post-thumbnail","hentry","category-noticias-zeca-dirceu","tag-umuarama-em-contagem-regressiva-inauguracao-do-centro-de-eventos"],"_links":{"self":[{"href":"https:\/\/teste.bsb.br\/zeca\/wp-json\/wp\/v2\/posts\/27189","targetHints":{"allow":["GET"]}}],"collection":[{"href":"https:\/\/teste.bsb.br\/zeca\/wp-json\/wp\/v2\/posts"}],"about":[{"href":"https:\/\/teste.bsb.br\/zeca\/wp-json\/wp\/v2\/types\/post"}],"author":[{"embeddable":true,"href":"https:\/\/teste.bsb.br\/zeca\/wp-json\/wp\/v2\/users\/1"}],"replies":[{"embeddable":true,"href":"https:\/\/teste.bsb.br\/zeca\/wp-json\/wp\/v2\/comments?post=27189"}],"version-history":[{"count":0,"href":"https:\/\/teste.bsb.br\/zeca\/wp-json\/wp\/v2\/posts\/27189\/revisions"}],"wp:featuredmedia":[{"embeddable":true,"href":"https:\/\/teste.bsb.br\/zeca\/wp-json\/wp\/v2\/media\/27188"}],"wp:attachment":[{"href":"https:\/\/teste.bsb.br\/zeca\/wp-json\/wp\/v2\/media?parent=27189"}],"wp:term":[{"taxonomy":"category","embeddable":true,"href":"https:\/\/teste.bsb.br\/zeca\/wp-json\/wp\/v2\/categories?post=27189"},{"taxonomy":"post_tag","embeddable":true,"href":"https:\/\/teste.bsb.br\/zeca\/wp-json\/wp\/v2\/tags?post=27189"}],"curies":[{"name":"wp","href":"https:\/\/api.w.org\/{rel}","templated":true}]}}