{"id":27179,"date":"2011-11-14T00:00:00","date_gmt":"2011-11-14T02:00:00","guid":{"rendered":"https:\/\/www.zecadirceu.com.br\/troca-do-fundef-pelo-fundeb-mais-que-dobra-recursos\/"},"modified":"2011-11-14T00:00:00","modified_gmt":"2011-11-14T02:00:00","slug":"troca-do-fundef-pelo-fundeb-mais-que-dobra-recursos","status":"publish","type":"post","link":"https:\/\/teste.bsb.br\/zeca\/troca-do-fundef-pelo-fundeb-mais-que-dobra-recursos\/","title":{"rendered":"Troca do Fundef pelo Fundeb mais que dobra recursos"},"content":{"rendered":"<p>&nbsp;&nbsp;De 2006 a 2011, complementa&ccedil;&atilde;o da Uni&atilde;o nas redes p&uacute;blicas cresceu 29 vezes<\/p>\n<p class=\"MsoNormal\"><o:p><\/o:p><\/p>\n<p class=\"MsoNormal\">A troca do Fundo de Manuten&ccedil;&atilde;o e Desenvolvimento do Ensino Fundamental (Fundef) pelo Fundo de Manuten&ccedil;&atilde;o e Desenvolvimento da Educa&ccedil;&atilde;o B&aacute;sica e de Valoriza&ccedil;&atilde;o dos Profissionais da Educa&ccedil;&atilde;o (Fundeb) &ndash; , em 2007, mais que dobrou os recursos do fundo. Neste ano, ser&atilde;o R$ 96,8 bilh&otilde;es para o investimento nas redes p&uacute;blicas estaduais e municipais de educa&ccedil;&atilde;o. <o:p><\/o:p><\/p>\n<p class=\"MsoNormal\">A complementa&ccedil;&atilde;o da Uni&atilde;o, caso um estado n&atilde;o aporte os recursos previstos, cresceu 29 vezes com substitui&ccedil;&atilde;o. O repasse, que foi de R$ 300 milh&otilde;es em 2006, passou para os R$ 8,8 bilh&otilde;es previstos para este ano. O fundo imp&otilde;e &agrave; Uni&atilde;o a responsabilidade de complementa&ccedil;&atilde;o aos estados em que o valor por aluno mostrar-se inferior ao valor m&iacute;nimo por aluno por ano definido nacionalmente. Em 2010, a Uni&atilde;o aportou ao fundo R$ 7,6 bilh&otilde;es, a nove estados.<o:p><\/o:p><\/p>\n<p class=\"MsoNormal\">Formado por percentuais de uma s&eacute;rie de impostos e transfer&ecirc;ncias constitucionais, o Fundeb destina-se a financiar a educa&ccedil;&atilde;o b&aacute;sica p&uacute;blica. Desde 2007, o Fundo n&atilde;o pode mais ser remanejado, por meio da Desvincula&ccedil;&atilde;o das Receitas da Uni&atilde;o (DRU). Pelo menos 60% dos recursos devem ser utilizados no pagamento de profissionais do magist&eacute;rio em efetivo exerc&iacute;cio, como professores, diretores e orientadores educacionais. O restante serve para despesas de manuten&ccedil;&atilde;o e desenvolvimento do ensino, que compreendem o pagamento de outros profissionais ligados &agrave; educa&ccedil;&atilde;o, como auxiliares administrativos e secret&aacute;rios de escola; forma&ccedil;&atilde;o continuada de professores; aquisi&ccedil;&atilde;o de equipamentos; manuten&ccedil;&atilde;o, constru&ccedil;&atilde;o e conserva&ccedil;&atilde;o de instala&ccedil;&otilde;es; entre outras a&ccedil;&otilde;es.<o:p><\/o:p><\/p>\n<p class=\"MsoNormal\">A mudan&ccedil;a tamb&eacute;m estabeleceu uma amplia&ccedil;&atilde;o da educa&ccedil;&atilde;o b&aacute;sica obrigat&oacute;ria e gratuita, que passou a ser dos 4 aos 17 anos at&eacute; 2016. E estabeleceu o Piso salarial nacional para o magist&eacute;rio da rede p&uacute;blica.<o:p><\/o:p><\/p>\n<p class=\"MsoNormal\">Todos os entes federados assumem metas <o:p><\/o:p><\/p>\n<p class=\"MsoNormal\">O plano de metas &ldquo;Compromisso Todos pela Educa&ccedil;&atilde;o&rdquo;, que &eacute; parte do Plano de Desenvolvimento da Educa&ccedil;&atilde;o, tamb&eacute;m criado em 2007 (Decreto 6.094) e assinado por todos os entes federados, estabelece 28 diretrizes e um conjunto de metas a ser atingidas por cada escola, munic&iacute;pio e estado, pautadas em resultados de avalia&ccedil;&atilde;o de qualidade e de rendimento dos estudantes. O pacto busca unir esfor&ccedil;os dos tr&ecirc;s n&iacute;veis de governo, com a colabora&ccedil;&atilde;o, das fam&iacute;lias e da comunidade, em proveito da melhoria da qualidade da educa&ccedil;&atilde;o b&aacute;sica. O Plano de A&ccedil;&otilde;es Articuladas (PAR) &eacute; orientado a partir dos seguintes eixos: gest&atilde;o educacional, forma&ccedil;&atilde;o de professores e profissionais de servi&ccedil;os e apoio escolar, recursos pedag&oacute;gicos e infraestrutura f&iacute;sica. O volume de recursos para atingir esses objetivos tem aumentado ano a ano at&eacute; chegar aos atuais R$ 10,7 milh&otilde;es.<\/p>\n<p>Secom<\/p>\n","protected":false},"excerpt":{"rendered":"<p>A troca do Fundo de Manuten\u00e7\u00e3o e Desenvolvimento do Ensino Fundamental (Fundef) pelo Fundo de Manuten\u00e7\u00e3o e Desenvolvimento da Educa\u00e7\u00e3o B\u00e1sica e de Valoriza\u00e7\u00e3o dos Profissionais da Educa\u00e7\u00e3o (Fundeb) \u2013 , em 2007, mais que dobrou os recursos do fundo. Neste ano, ser\u00e3o R$ 96,8 bilh\u00f5es para o investimento nas redes p\u00fablicas estaduais e municipais de educa\u00e7\u00e3o.<\/p>\n","protected":false},"author":1,"featured_media":27178,"comment_status":"open","ping_status":"open","sticky":false,"template":"","format":"standard","meta":{"footnotes":""},"categories":[1],"tags":[6309],"class_list":["post-27179","post","type-post","status-publish","format-standard","has-post-thumbnail","hentry","category-noticias-zeca-dirceu","tag-troca-do-fundef-pelo-fundeb-mais-que-dobra-recursos"],"_links":{"self":[{"href":"https:\/\/teste.bsb.br\/zeca\/wp-json\/wp\/v2\/posts\/27179","targetHints":{"allow":["GET"]}}],"collection":[{"href":"https:\/\/teste.bsb.br\/zeca\/wp-json\/wp\/v2\/posts"}],"about":[{"href":"https:\/\/teste.bsb.br\/zeca\/wp-json\/wp\/v2\/types\/post"}],"author":[{"embeddable":true,"href":"https:\/\/teste.bsb.br\/zeca\/wp-json\/wp\/v2\/users\/1"}],"replies":[{"embeddable":true,"href":"https:\/\/teste.bsb.br\/zeca\/wp-json\/wp\/v2\/comments?post=27179"}],"version-history":[{"count":0,"href":"https:\/\/teste.bsb.br\/zeca\/wp-json\/wp\/v2\/posts\/27179\/revisions"}],"wp:featuredmedia":[{"embeddable":true,"href":"https:\/\/teste.bsb.br\/zeca\/wp-json\/wp\/v2\/media\/27178"}],"wp:attachment":[{"href":"https:\/\/teste.bsb.br\/zeca\/wp-json\/wp\/v2\/media?parent=27179"}],"wp:term":[{"taxonomy":"category","embeddable":true,"href":"https:\/\/teste.bsb.br\/zeca\/wp-json\/wp\/v2\/categories?post=27179"},{"taxonomy":"post_tag","embeddable":true,"href":"https:\/\/teste.bsb.br\/zeca\/wp-json\/wp\/v2\/tags?post=27179"}],"curies":[{"name":"wp","href":"https:\/\/api.w.org\/{rel}","templated":true}]}}