{"id":27171,"date":"2011-11-16T00:00:00","date_gmt":"2011-11-16T02:00:00","guid":{"rendered":"https:\/\/www.zecadirceu.com.br\/dilma-brasil-sem-miseria-ja-beneficiou-13-milhao-de-criancas\/"},"modified":"2011-11-16T00:00:00","modified_gmt":"2011-11-16T02:00:00","slug":"dilma-brasil-sem-miseria-ja-beneficiou-13-milhao-de-criancas","status":"publish","type":"post","link":"https:\/\/teste.bsb.br\/zeca\/dilma-brasil-sem-miseria-ja-beneficiou-13-milhao-de-criancas\/","title":{"rendered":"Dilma: Brasil Sem Mis\u00e9ria j\u00e1 beneficiou 1,3 milh\u00e3o de crian\u00e7as"},"content":{"rendered":"<p style=\"margin-top: 3px; margin-right: 0px; margin-bottom: 10px; margin-left: 0px; padding-top: 0px; padding-right: 0px; padding-bottom: 0px; padding-left: 0px; line-height: 16px; color: rgb(51, 51, 51); font-family: Arial, Helvetica, sans-serif; \">O Plano Brasil Sem Mis&eacute;ria j&aacute; permitiu a inclus&atilde;o de 1,3 milh&atilde;o de crian&ccedil;as no Bolsa Fam&iacute;lia, informou a presidenta Dilma Rousseff na coluna Conversa com a Presidenta, publicada ontem (15) em jornais do Brasil e do exterior. Ela lembrou a import&acirc;ncia do acesso das crian&ccedil;as ao programa de transfer&ecirc;ncia de renda do governo uma vez que, da popula&ccedil;&atilde;o extremamente pobre, 40% t&ecirc;m at&eacute; 14 anos.<\/p>\n<p style=\"margin-top: 3px; margin-right: 0px; margin-bottom: 10px; margin-left: 0px; padding-top: 0px; padding-right: 0px; padding-bottom: 0px; padding-left: 0px; line-height: 16px; color: rgb(51, 51, 51); font-family: Arial, Helvetica, sans-serif; \">Em resposta &agrave; enfermeira Isabela Palmares, de Nova Friburgo (RJ), a presidenta acrescentou que, nos primeiros cinco meses do plano, 180 mil fam&iacute;lias tamb&eacute;m entraram para o Bolsa Fam&iacute;lia. O governo, segundo a presidenta Dilma, est&aacute; ampliando os recursos para a agricultura familiar e, em novembro, 25 mil fam&iacute;lias de agricultores pobres j&aacute; est&atilde;o recebendo assist&ecirc;ncia t&eacute;cnica, inclusive sementes. Tamb&eacute;m neste m&ecirc;s, 7.526 fam&iacute;lias que vivem em florestas nacionais, reservas extrativistas e unidades de conserva&ccedil;&atilde;o est&atilde;o recebendo o Bolsa Verde para que continuem a preservar estas &aacute;reas.<\/p>\n<p style=\"margin-top: 3px; margin-right: 0px; margin-bottom: 10px; margin-left: 0px; padding-top: 0px; padding-right: 0px; padding-bottom: 0px; padding-left: 0px; line-height: 16px; color: rgb(51, 51, 51); font-family: Arial, Helvetica, sans-serif; \">&ldquo;Esses s&atilde;o alguns exemplos de a&ccedil;&otilde;es que iniciamos nos primeiros cinco meses do Brasil Sem Mis&eacute;ria. O Plano envolve tr&ecirc;s linhas de atua&ccedil;&atilde;o: transfer&ecirc;ncia de renda, inclus&atilde;o produtiva e acesso aos servi&ccedil;os p&uacute;blicos. Uma das a&ccedil;&otilde;es estrat&eacute;gicas do Plano &eacute; a Busca Ativa. Significa que o Estado brasileiro &eacute; que est&aacute; indo atr&aacute;s das pessoas extremamente pobres.&rdquo;<\/p>\n<p style=\"margin-top: 3px; margin-right: 0px; margin-bottom: 10px; margin-left: 0px; padding-top: 0px; padding-right: 0px; padding-bottom: 0px; padding-left: 0px; line-height: 16px; color: rgb(51, 51, 51); font-family: Arial, Helvetica, sans-serif; \">Na coluna, a presidenta Dilma tamb&eacute;m explicou ao produtor Luiz Augusto Lescura, de Cachoeira Paulista (SP), que o Minist&eacute;rio da Sa&uacute;de vai criar, at&eacute; 2014, 32 novos centros de radioterapia em todo o pa&iacute;s, especialmente nas cidades do interior. O objetivo &eacute; ampliar e melhorar a qualidade do tratamento de c&acirc;ncer no SUS. Segundo ela, a medida integra o Plano Nacional de Preven&ccedil;&atilde;o, Diagn&oacute;stico e Tratamento do C&acirc;ncer de Colo de &Uacute;tero e de Mama, que prev&ecirc; investimentos de R$ 4,5 bilh&otilde;es nos pr&oacute;ximos quatro anos. S&oacute; at&eacute; o fim de 2011, o valor do investimento no setor de oncologia ter&aacute; um aumento de 22% em rela&ccedil;&atilde;o ao ano passado.<\/p>\n<p style=\"margin-top: 3px; margin-right: 0px; margin-bottom: 10px; margin-left: 0px; padding-top: 0px; padding-right: 0px; padding-bottom: 0px; padding-left: 0px; line-height: 16px; color: rgb(51, 51, 51); font-family: Arial, Helvetica, sans-serif; \">&ldquo;Com esses investimentos, estamos ampliando e qualificando a assist&ecirc;ncia aos pacientes atendidos nos hospitais p&uacute;blicos e privados que comp&otilde;em o SUS, sobretudo para os tipos de c&acirc;ncer mais frequentes, como f&iacute;gado, mama, linfoma e leucemia aguda. Atualmente, 300 mil pacientes j&aacute; recebem assist&ecirc;ncia especializada e gratuita. Essa assist&ecirc;ncia &eacute; oferecida nos 276 servi&ccedil;os existentes &ndash; distribu&iacute;dos nos 26 estados e no Distrito Federal &ndash; e vai desde consultas e exames a procedimentos cir&uacute;rgicos, radioterapia, quimioterapia e iodoterapia. O tratamento do c&acirc;ncer, Luiz, &eacute; absoluta prioridade para n&oacute;s, pois &eacute; a segunda causa de mortalidade no Brasil e no mundo, atr&aacute;s apenas das doen&ccedil;as cardiovasculares&rdquo;, disse.<\/p>\n<p style=\"margin-top: 3px; margin-right: 0px; margin-bottom: 10px; margin-left: 0px; padding-top: 0px; padding-right: 0px; padding-bottom: 0px; padding-left: 0px; line-height: 16px; color: rgb(51, 51, 51); font-family: Arial, Helvetica, sans-serif; \">A presidenta tamb&eacute;m respondeu ao funcion&aacute;rio p&uacute;blico Valdecir Pires da Hora, de Diadema (SP), que manifestou sua preocupa&ccedil;&atilde;o em rela&ccedil;&atilde;o aos direitos dos idosos no transporte p&uacute;blico. De acordo com a presidenta Dilma, o governo federal mant&eacute;m &agrave; disposi&ccedil;&atilde;o de toda a popula&ccedil;&atilde;o, atrav&eacute;s da Secretaria de Direitos Humanos da Presid&ecirc;ncia, o Disque 100 para receber den&uacute;ncias de desrespeito aos direitos dos idosos. A liga&ccedil;&atilde;o &eacute; gratuita.<\/p>\n<p style=\"margin-top: 3px; margin-right: 0px; margin-bottom: 10px; margin-left: 0px; padding-top: 0px; padding-right: 0px; padding-bottom: 0px; padding-left: 0px; line-height: 16px; color: rgb(51, 51, 51); font-family: Arial, Helvetica, sans-serif; \">&ldquo;Sabemos que o crescimento econ&ocirc;mico e as nossas pol&iacute;ticas sociais est&atilde;o contribuindo para aumentar a expectativa de vida das pessoas. Mas tamb&eacute;m temos a consci&ecirc;ncia de que as pessoas precisam viver mais e com qualidade, desfrutando de um envelhecimento ativo e saud&aacute;vel. Nos estados e munic&iacute;pios, os cidad&atilde;os podem participar e propor a&ccedil;&otilde;es nos conselhos estaduais e municipais do Idoso&rdquo;, afirmou a presidenta.<\/p>\n<p style=\"margin-top: 3px; margin-right: 0px; margin-bottom: 10px; margin-left: 0px; padding-top: 0px; padding-right: 0px; padding-bottom: 0px; padding-left: 0px; line-height: 16px; color: rgb(51, 51, 51); font-family: Arial, Helvetica, sans-serif; \">Segundo ela, entre os dias 23 e 25 de novembro, ser&aacute; realizada em Bras&iacute;lia a 3&ordf; Confer&ecirc;ncia Nacional dos Direitos da Pessoa Idosa. &ldquo;Ser&aacute; um momento onde a sociedade brasileira vai tomar decis&otilde;es para melhorar a vida das pessoas idosas em todo o pa&iacute;s.&rdquo;<\/p>\n<p style=\"margin-top: 3px; margin-right: 0px; margin-bottom: 10px; margin-left: 0px; padding-top: 0px; padding-right: 0px; padding-bottom: 0px; padding-left: 0px; line-height: 16px; color: rgb(51, 51, 51); font-family: Arial, Helvetica, sans-serif; \">(Blog do Planalto)<\/p>\n<div>&nbsp;<\/div>\n","protected":false},"excerpt":{"rendered":"<p>O Plano Brasil Sem Mis\u00e9ria j\u00e1 permitiu a inclus\u00e3o de 1,3 milh\u00e3o de crian\u00e7as no Bolsa Fam\u00edlia, informou a presidenta Dilma Rousseff na coluna Conversa com a Presidenta, publicada ontem (15) em jornais do Brasil e do exterior. Ela lembrou a import\u00e2ncia do acesso das crian\u00e7as ao programa de transfer\u00eancia de renda do governo uma vez que, da popula\u00e7\u00e3o extremamente pobre, 40% t\u00eam at\u00e9 14 anos.<\/p>\n","protected":false},"author":1,"featured_media":27170,"comment_status":"open","ping_status":"open","sticky":false,"template":"","format":"standard","meta":{"footnotes":""},"categories":[1],"tags":[6307,6306],"class_list":["post-27171","post","type-post","status-publish","format-standard","has-post-thumbnail","hentry","category-noticias-zeca-dirceu","tag-3-milhao-de-criancas","tag-dilma-brasil-sem-miseria-ja-beneficiou-1"],"_links":{"self":[{"href":"https:\/\/teste.bsb.br\/zeca\/wp-json\/wp\/v2\/posts\/27171","targetHints":{"allow":["GET"]}}],"collection":[{"href":"https:\/\/teste.bsb.br\/zeca\/wp-json\/wp\/v2\/posts"}],"about":[{"href":"https:\/\/teste.bsb.br\/zeca\/wp-json\/wp\/v2\/types\/post"}],"author":[{"embeddable":true,"href":"https:\/\/teste.bsb.br\/zeca\/wp-json\/wp\/v2\/users\/1"}],"replies":[{"embeddable":true,"href":"https:\/\/teste.bsb.br\/zeca\/wp-json\/wp\/v2\/comments?post=27171"}],"version-history":[{"count":0,"href":"https:\/\/teste.bsb.br\/zeca\/wp-json\/wp\/v2\/posts\/27171\/revisions"}],"wp:featuredmedia":[{"embeddable":true,"href":"https:\/\/teste.bsb.br\/zeca\/wp-json\/wp\/v2\/media\/27170"}],"wp:attachment":[{"href":"https:\/\/teste.bsb.br\/zeca\/wp-json\/wp\/v2\/media?parent=27171"}],"wp:term":[{"taxonomy":"category","embeddable":true,"href":"https:\/\/teste.bsb.br\/zeca\/wp-json\/wp\/v2\/categories?post=27171"},{"taxonomy":"post_tag","embeddable":true,"href":"https:\/\/teste.bsb.br\/zeca\/wp-json\/wp\/v2\/tags?post=27171"}],"curies":[{"name":"wp","href":"https:\/\/api.w.org\/{rel}","templated":true}]}}