{"id":27169,"date":"2011-11-16T00:00:00","date_gmt":"2011-11-16T02:00:00","guid":{"rendered":"https:\/\/www.zecadirceu.com.br\/bolsa-formacao-potencializa-oferta-das-redes-de-educacao-no-pais\/"},"modified":"2011-11-16T00:00:00","modified_gmt":"2011-11-16T02:00:00","slug":"bolsa-formacao-potencializa-oferta-das-redes-de-educacao-no-pais","status":"publish","type":"post","link":"https:\/\/teste.bsb.br\/zeca\/bolsa-formacao-potencializa-oferta-das-redes-de-educacao-no-pais\/","title":{"rendered":"Bolsa-Forma\u00e7\u00e3o potencializa oferta das redes de educa\u00e7\u00e3o no pa\u00eds"},"content":{"rendered":"<p>&nbsp;O deputado federal Zeca Dirceu informa que o Minist&eacute;rio da Educa&ccedil;&atilde;o publicou o edital que fixa as diretrizes da Bolsa-Forma&ccedil;&atilde;o, do Programa Nacional de Acesso ao Ensino T&eacute;cnico e Emprego (PRONATEC). O programa &eacute; direcionado a institui&ccedil;&otilde;es de educa&ccedil;&atilde;o profissional e tecnol&oacute;gica, rede estaduais de educa&ccedil;&atilde;o, sistemas (SENAI, SENAC, SESI E SESC) e redes privadas.<\/p>\n<p class=\"MsoNormal\"><o:p><\/o:p><\/p>\n<p class=\"MsoNormal\">A Bolsa-Forma&ccedil;&atilde;o visa a potencializar a capacidade de oferta instalada das redes de educa&ccedil;&atilde;o profissional e tecnol&oacute;gica para ampliar e diversificar a oferta de educa&ccedil;&atilde;o profissional e tecnol&oacute;gica gratuita no pa&iacute;s e integrar programas, projetos e a&ccedil;&otilde;es de forma&ccedil;&atilde;o profissional e tecnol&oacute;gica e a de democratizar as formas de acesso &agrave; educa&ccedil;&atilde;o profissional e tecnol&oacute;gica para p&uacute;blicos priorit&aacute;rios.<o:p><\/o:p><\/p>\n<p class=\"MsoNormal\">&nbsp;A oferta da Bolsa-Forma&ccedil;&atilde;o ser&aacute; dividida em duas modalidades: o Bolsa-Forma&ccedil;&atilde;o Estudante e o &nbsp;Bolsa-Forma&ccedil;&atilde;o Trabalhador.<o:p><\/o:p><\/p>\n<p class=\"MsoNormal\">S&atilde;o benefici&aacute;rios das vagas oferecidas por meio da Bolsa-Forma&ccedil;&atilde;o do Pronatec:<o:p><\/o:p><\/p>\n<p class=\"MsoNormal\">&nbsp;a) estudantes do ensino m&eacute;dio proped&ecirc;utico da rede p&uacute;blica, inclusive da educa&ccedil;&atilde;o de jovens e adultos;<o:p><\/o:p><\/p>\n<p class=\"MsoNormal\">b) trabalhadores, inclusive agricultores familiares, silvicultores, aquicultores, extrativistas e pescadores;<o:p><\/o:p><\/p>\n<p class=\"MsoNormal\">c) benefici&aacute;rios titulares e dependentes dos programas federais de transfer&ecirc;ncia de renda; d) pessoas com defici&ecirc;ncia;<o:p><\/o:p><\/p>\n<p class=\"MsoNormal\">e) povos ind&iacute;genas, comunidades quilombolas, bem como adolescentes e jovens em cumprimento de medidas socioeducativas.<o:p><\/o:p><\/p>\n<p class=\"MsoNormal\">&nbsp;&nbsp;Esta Portaria se encontra na &iacute;ntegra no endere&ccedil;o eletr&ocirc;nico:<o:p><\/o:p><\/p>\n<p class=\"MsoNormal\">http:\/\/www.in.gov.br\/visualiza\/index.jsp?data=04\/11\/2011&amp;jornal=1&amp;pagina=8&amp;totalArquivos=168.<o:p><\/o:p><\/p>\n","protected":false},"excerpt":{"rendered":"<p>O deputado federal Zeca Dirceu informa que o Minist\u00e9rio da Educa\u00e7\u00e3o publicou o edital que fixa as diretrizes da Bolsa-Forma\u00e7\u00e3o, do Programa Nacional de Acesso ao Ensino T\u00e9cnico e Emprego (PRONATEC). O programa \u00e9 direcionado a institui\u00e7\u00f5es de educa\u00e7\u00e3o profissional e tecnol\u00f3gica, rede estaduais de educa\u00e7\u00e3o, sistemas (SENAI, SENAC, SESI E SESC) e redes privadas.<\/p>\n","protected":false},"author":1,"featured_media":27168,"comment_status":"open","ping_status":"open","sticky":false,"template":"","format":"standard","meta":{"footnotes":""},"categories":[1],"tags":[6305],"class_list":["post-27169","post","type-post","status-publish","format-standard","has-post-thumbnail","hentry","category-noticias-zeca-dirceu","tag-bolsa-formacao-potencializa-oferta-das-redes-de-educacao-no-pais"],"_links":{"self":[{"href":"https:\/\/teste.bsb.br\/zeca\/wp-json\/wp\/v2\/posts\/27169","targetHints":{"allow":["GET"]}}],"collection":[{"href":"https:\/\/teste.bsb.br\/zeca\/wp-json\/wp\/v2\/posts"}],"about":[{"href":"https:\/\/teste.bsb.br\/zeca\/wp-json\/wp\/v2\/types\/post"}],"author":[{"embeddable":true,"href":"https:\/\/teste.bsb.br\/zeca\/wp-json\/wp\/v2\/users\/1"}],"replies":[{"embeddable":true,"href":"https:\/\/teste.bsb.br\/zeca\/wp-json\/wp\/v2\/comments?post=27169"}],"version-history":[{"count":0,"href":"https:\/\/teste.bsb.br\/zeca\/wp-json\/wp\/v2\/posts\/27169\/revisions"}],"wp:featuredmedia":[{"embeddable":true,"href":"https:\/\/teste.bsb.br\/zeca\/wp-json\/wp\/v2\/media\/27168"}],"wp:attachment":[{"href":"https:\/\/teste.bsb.br\/zeca\/wp-json\/wp\/v2\/media?parent=27169"}],"wp:term":[{"taxonomy":"category","embeddable":true,"href":"https:\/\/teste.bsb.br\/zeca\/wp-json\/wp\/v2\/categories?post=27169"},{"taxonomy":"post_tag","embeddable":true,"href":"https:\/\/teste.bsb.br\/zeca\/wp-json\/wp\/v2\/tags?post=27169"}],"curies":[{"name":"wp","href":"https:\/\/api.w.org\/{rel}","templated":true}]}}