{"id":27151,"date":"2011-11-17T00:00:00","date_gmt":"2011-11-17T02:00:00","guid":{"rendered":"https:\/\/www.zecadirceu.com.br\/selecao-de-projeto-para-agricultura-familiar\/"},"modified":"2011-11-17T00:00:00","modified_gmt":"2011-11-17T02:00:00","slug":"selecao-de-projeto-para-agricultura-familiar","status":"publish","type":"post","link":"https:\/\/teste.bsb.br\/zeca\/selecao-de-projeto-para-agricultura-familiar\/","title":{"rendered":"Sele\u00e7\u00e3o de projeto para agricultura familiar"},"content":{"rendered":"<p>&nbsp;<\/p>\n<div>\n<p style=\"margin-top: 0px; margin-right: 0px; margin-bottom: 0px; margin-left: 0px; padding-top: 0px; padding-right: 0px; padding-bottom: 18px; padding-left: 0px; border-top-width: 0px; border-right-width: 0px; border-bottom-width: 0px; border-left-width: 0px; border-style: initial; border-color: initial; outline-width: 0px; outline-style: initial; outline-color: initial; vertical-align: baseline; background-image: initial; background-attachment: initial; background-origin: initial; background-clip: initial; font: normal normal normal 1.3em\/normal Arial, Helvetica, sans-serif; color: rgb(40, 49, 48); line-height: 17px; \">Projetos para a inclus&atilde;o do agricultor familiar nos mercados nacionais e internacionais est&atilde;o sendo selecionados pelo Minist&eacute;rio do Desenvolvimento Agr&aacute;rio (MDA). O objetivo &eacute; promover os produtos org&acirc;nicos, agroecol&oacute;gicos e agroextrativistas dos empreendimentos da agricultura familiar no Pa&iacute;s. Os projetos podem ser apresentados por institui&ccedil;&otilde;es privadas ou organiza&ccedil;&otilde;es governamentais e civis at&eacute; 25 de novembro. Para apresenta&ccedil;&atilde;o das propostas, as institui&ccedil;&otilde;es devem acessar o&nbsp;<a class=\"external-link first-child last-child\" href=\"http:\/\/www.convenios.gov.br\/siconv\" target=\"_blank\" style=\"margin-top: 0px; margin-right: 0px; margin-bottom: 0px; margin-left: 0px; padding-top: 0px; padding-right: 12px; padding-bottom: 0px; padding-left: 0px; border-top-width: 0px; border-right-width: 0px; border-bottom-width: 0px; border-left-width: 0px; border-style: initial; border-color: initial; outline-width: 0px; outline-style: initial; outline-color: initial; vertical-align: baseline; background-image: url(http:\/\/www.secom.gov.br\/portal_css\/Secom\/bg\/linkExterno.gif); background-attachment: initial; background-origin: initial; background-clip: initial; background-color: initial; color: rgb(23, 67, 155); background-position: 100% 50%; background-repeat: no-repeat no-repeat; \">Portal dos Conv&ecirc;nios &#8211; Siconv<\/a>&nbsp;<\/p>\n<p style=\"margin-top: 0px; margin-right: 0px; margin-bottom: 0px; margin-left: 0px; padding-top: 0px; padding-right: 0px; padding-bottom: 18px; padding-left: 0px; border-top-width: 0px; border-right-width: 0px; border-bottom-width: 0px; border-left-width: 0px; border-style: initial; border-color: initial; outline-width: 0px; outline-style: initial; outline-color: initial; vertical-align: baseline; background-image: initial; background-attachment: initial; background-origin: initial; background-clip: initial; font: normal normal normal 1.3em\/normal Arial, Helvetica, sans-serif; color: rgb(40, 49, 48); line-height: 17px; \">Acesse o edital&nbsp;<a class=\"external-link first-child last-child\" href=\"http:\/\/www.mda.gov.br\/portal\/arquivos\/view\/chamadas-publicas\/Fomento_a_Projetos.zip\" target=\"_blank\" style=\"margin-top: 0px; margin-right: 0px; margin-bottom: 0px; margin-left: 0px; padding-top: 0px; padding-right: 12px; padding-bottom: 0px; padding-left: 0px; border-top-width: 0px; border-right-width: 0px; border-bottom-width: 0px; border-left-width: 0px; border-style: initial; border-color: initial; outline-width: 0px; outline-style: initial; outline-color: initial; vertical-align: baseline; background-image: url(http:\/\/www.secom.gov.br\/portal_css\/Secom\/bg\/linkExterno.gif); background-attachment: initial; background-origin: initial; background-clip: initial; background-color: initial; color: rgb(23, 67, 155); background-position: 100% 50%; background-repeat: no-repeat no-repeat; \">aqui&nbsp;<\/a><\/p>\n<\/div>\n","protected":false},"excerpt":{"rendered":"<p>Projetos para a inclus\u00e3o do agricultor familiar nos mercados nacionais e internacionais est\u00e3o sendo selecionados pelo Minist\u00e9rio do Desenvolvimento Agr\u00e1rio (MDA). O objetivo \u00e9 promover os produtos org\u00e2nicos, agroecol\u00f3gicos e agroextrativistas dos empreendimentos da agricultura familiar no Pa\u00eds. Os projetos podem ser apresentados por institui\u00e7\u00f5es privadas ou organiza\u00e7\u00f5es governamentais e civis at\u00e9 25 de novembro. Para apresenta\u00e7\u00e3o das propostas, as institui\u00e7\u00f5es devem acessar o Portal dos Conv\u00eanios &#8211; Siconv .<\/p>\n","protected":false},"author":1,"featured_media":27150,"comment_status":"open","ping_status":"open","sticky":false,"template":"","format":"standard","meta":{"footnotes":""},"categories":[1],"tags":[6296],"class_list":["post-27151","post","type-post","status-publish","format-standard","has-post-thumbnail","hentry","category-noticias-zeca-dirceu","tag-selecao-de-projeto-para-agricultura-familiar"],"_links":{"self":[{"href":"https:\/\/teste.bsb.br\/zeca\/wp-json\/wp\/v2\/posts\/27151","targetHints":{"allow":["GET"]}}],"collection":[{"href":"https:\/\/teste.bsb.br\/zeca\/wp-json\/wp\/v2\/posts"}],"about":[{"href":"https:\/\/teste.bsb.br\/zeca\/wp-json\/wp\/v2\/types\/post"}],"author":[{"embeddable":true,"href":"https:\/\/teste.bsb.br\/zeca\/wp-json\/wp\/v2\/users\/1"}],"replies":[{"embeddable":true,"href":"https:\/\/teste.bsb.br\/zeca\/wp-json\/wp\/v2\/comments?post=27151"}],"version-history":[{"count":0,"href":"https:\/\/teste.bsb.br\/zeca\/wp-json\/wp\/v2\/posts\/27151\/revisions"}],"wp:featuredmedia":[{"embeddable":true,"href":"https:\/\/teste.bsb.br\/zeca\/wp-json\/wp\/v2\/media\/27150"}],"wp:attachment":[{"href":"https:\/\/teste.bsb.br\/zeca\/wp-json\/wp\/v2\/media?parent=27151"}],"wp:term":[{"taxonomy":"category","embeddable":true,"href":"https:\/\/teste.bsb.br\/zeca\/wp-json\/wp\/v2\/categories?post=27151"},{"taxonomy":"post_tag","embeddable":true,"href":"https:\/\/teste.bsb.br\/zeca\/wp-json\/wp\/v2\/tags?post=27151"}],"curies":[{"name":"wp","href":"https:\/\/api.w.org\/{rel}","templated":true}]}}