{"id":27145,"date":"2011-11-17T00:00:00","date_gmt":"2011-11-17T02:00:00","guid":{"rendered":"https:\/\/www.zecadirceu.com.br\/18-cidades-do-pr-estao-na-selecao-do-projovem-urbano\/"},"modified":"2011-11-17T00:00:00","modified_gmt":"2011-11-17T02:00:00","slug":"18-cidades-do-pr-estao-na-selecao-do-projovem-urbano","status":"publish","type":"post","link":"https:\/\/teste.bsb.br\/zeca\/18-cidades-do-pr-estao-na-selecao-do-projovem-urbano\/","title":{"rendered":"18 cidades do PR est\u00e3o na sele\u00e7\u00e3o do ProJovem Urbano"},"content":{"rendered":"<p>&nbsp;O deputado federal Zeca Dirceu informa que 18 cidades do Paran&aacute; est&atilde;o na sele&ccedil;&atilde;o do Programa Nacional de Inclus&atilde;o de Jovens &#8211; Projovem Urbano. Para firmar ades&atilde;o os munic&iacute;pios selecionados devem assinar o termo at&eacute; o dia 29 de novembro.<\/p>\n<p class=\"MsoNormal\"><o:p><\/o:p><\/p>\n<p class=\"MsoNormal\">S&atilde;o elas: Almirante Tamandar&eacute;,Apucarana,Arapongas,Arauc&aacute;ria,Campo Largo,Cascavel,Colombo,Curitiba,Foz do Igua&ccedil;u,Guarapuava,Londrina,Maring&aacute;,Paranagu&aacute;,Pinhais,Ponta Grossa,S&atilde;o Jos&eacute; dos Pinhais,Toledo e Umuarama. <o:p><\/o:p><\/p>\n<p class=\"MsoNormal\">O Projovem Urbano tem a miss&atilde;o de promover a&ccedil;&otilde;es para a eleva&ccedil;&atilde;o da escolaridade, a qualifica&ccedil;&atilde;o profissional em n&iacute;vel inicial e a participa&ccedil;&atilde;o cidad&atilde; dos jovens benefici&aacute;rios. Essas a&ccedil;&otilde;es ser&atilde;o financiadas por transfer&ecirc;ncias diretas de recursos, executadas pelo FNDE\/MEC, aos estados e ao Distrito Federal. <o:p><\/o:p><\/p>\n<p class=\"MsoNormal\">Os munic&iacute;pios que&nbsp; aderirem ao Programa devem se comprometer a desenvolv&ecirc;-lo em completa conson&acirc;ncia com as normas estabelecidas no Projeto Pedag&oacute;gico Integrado e com a legisla&ccedil;&atilde;o que rege o Projovem Urbano. O Programa atender&aacute; a jovens que, no ano da matr&iacute;cula no curso, tenham entre dezoito e vinte e nove anos de idade, saibam ler e escrever, mas n&atilde;o tenham conclu&iacute;do o ensino fundamental.<o:p><\/o:p><\/p>\n<p class=\"MsoNormal\">Os munic&iacute;pios contemplados devem matricular os jovens no Sistema de Matr&iacute;cula, Acompanhamento de Freq&uuml;&ecirc;ncia e Certifica&ccedil;&atilde;o do Projovem Urbano, sendo que os que forem matriculados devem obedecer obrigatoriamente aos seguintes crit&eacute;rios: ter de 18 a 29 anos no ano da matr&iacute;cula; saber ler e escrever, comprovando por meio de teste de profici&ecirc;ncia realizado no ato da matr&iacute;cula ou pela apresenta&ccedil;&atilde;o de seu hist&oacute;rico escolar, e apresentar a carteira de identidade, o CPF e um comprovante de resid&ecirc;ncia;&nbsp; e tamb&eacute;m garantir a execu&ccedil;&atilde;o do curso em dezoito meses, conforme orienta&ccedil;&otilde;es da SECADI\/MEC;<o:p><\/o:p><\/p>\n<p class=\"MsoNormal\">O formul&aacute;rio do Termo de Ades&atilde;o dever&aacute; ser devidamente assinado pelo gestor respons&aacute;vel pelo Programa na unidade federativa e enviado, por via postal, para a Secretaria de Educa&ccedil;&atilde;o Continuada, Alfabetiza&ccedil;&atilde;o, Diversidade e Inclus&atilde;o (SECADI\/MEC), no endere&ccedil;o: Secretaria de Educa&ccedil;&atilde;o Continuada, Alfabetiza&ccedil;&atilde;o, Diversidade e Inclus&atilde;o Projovem Urbano &#8211; 2012 Minist&eacute;rio da Educa&ccedil;&atilde;o Esplanada dos Minist&eacute;rios &ndash; Bloco L &ndash; 2&ordm; Andar &ndash; Sala 214 Bras&iacute;lia &#8211; DF 70.047-900.<o:p><\/o:p><\/p>\n<p class=\"MsoNormal\"><o:p>&nbsp;<\/o:p><\/p>\n","protected":false},"excerpt":{"rendered":"<p>O deputado federal Zeca Dirceu informa que 18 cidades do Paran\u00e1 est\u00e3o na sele\u00e7\u00e3o do Programa Nacional de Inclus\u00e3o de Jovens &#8211; Projovem Urbano. Para firmar ades\u00e3o os munic\u00edpios selecionados devem assinar o termo at\u00e9 o dia 29 de novembro.<br \/>\n Almirante Tamandar\u00e9, Apucarana, Arapongas, Arauc\u00e1ria, Campo Largo, Cascavel, Colombo, Curitiba, Foz do Igua\u00e7u, Guarapuava, Londrina, Maring\u00e1, Paranagu\u00e1, Pinhais, Ponta Grossa, S\u00e3o Jos\u00e9 dos Pinhais, Toledo e Umuarama.<\/p>\n","protected":false},"author":1,"featured_media":27144,"comment_status":"open","ping_status":"open","sticky":false,"template":"","format":"standard","meta":{"footnotes":""},"categories":[1],"tags":[6294],"class_list":["post-27145","post","type-post","status-publish","format-standard","has-post-thumbnail","hentry","category-noticias-zeca-dirceu","tag-18-cidade-do-pr-estao-na-selecao-do-projovem-urbano"],"_links":{"self":[{"href":"https:\/\/teste.bsb.br\/zeca\/wp-json\/wp\/v2\/posts\/27145","targetHints":{"allow":["GET"]}}],"collection":[{"href":"https:\/\/teste.bsb.br\/zeca\/wp-json\/wp\/v2\/posts"}],"about":[{"href":"https:\/\/teste.bsb.br\/zeca\/wp-json\/wp\/v2\/types\/post"}],"author":[{"embeddable":true,"href":"https:\/\/teste.bsb.br\/zeca\/wp-json\/wp\/v2\/users\/1"}],"replies":[{"embeddable":true,"href":"https:\/\/teste.bsb.br\/zeca\/wp-json\/wp\/v2\/comments?post=27145"}],"version-history":[{"count":0,"href":"https:\/\/teste.bsb.br\/zeca\/wp-json\/wp\/v2\/posts\/27145\/revisions"}],"wp:featuredmedia":[{"embeddable":true,"href":"https:\/\/teste.bsb.br\/zeca\/wp-json\/wp\/v2\/media\/27144"}],"wp:attachment":[{"href":"https:\/\/teste.bsb.br\/zeca\/wp-json\/wp\/v2\/media?parent=27145"}],"wp:term":[{"taxonomy":"category","embeddable":true,"href":"https:\/\/teste.bsb.br\/zeca\/wp-json\/wp\/v2\/categories?post=27145"},{"taxonomy":"post_tag","embeddable":true,"href":"https:\/\/teste.bsb.br\/zeca\/wp-json\/wp\/v2\/tags?post=27145"}],"curies":[{"name":"wp","href":"https:\/\/api.w.org\/{rel}","templated":true}]}}