{"id":27135,"date":"2011-11-18T00:00:00","date_gmt":"2011-11-18T02:00:00","guid":{"rendered":"https:\/\/www.zecadirceu.com.br\/viver-sem-limite-tera-r-76-bi-para-garantir-direitos-da-pessoa-com-deficiencia\/"},"modified":"2011-11-18T00:00:00","modified_gmt":"2011-11-18T02:00:00","slug":"viver-sem-limite-tera-r-76-bi-para-garantir-direitos-da-pessoa-com-deficiencia","status":"publish","type":"post","link":"https:\/\/teste.bsb.br\/zeca\/viver-sem-limite-tera-r-76-bi-para-garantir-direitos-da-pessoa-com-deficiencia\/","title":{"rendered":"Viver Sem Limite ter\u00e1 R$ 7,6 bi para garantir direitos da pessoa com defici\u00eancia"},"content":{"rendered":"<p>&nbsp;Uma s&eacute;rie de a&ccedil;&otilde;es estrat&eacute;gicas em educa&ccedil;&atilde;o, sa&uacute;de, inclus&atilde;o social e acessibilidade ter&atilde;o um investimento de R$ 7,6 bilh&otilde;es at&eacute; 2014 para garantir a autonomia de pessoas com defici&ecirc;ncia. O Plano Nacional dos Direitos da Pessoa com Defici&ecirc;ncia &ndash; Viver Sem Limite, lan&ccedil;ado na quinta-feira (17) e coordenado pela Secretaria de Direitos Humanos da Presid&ecirc;ncia da Rep&uacute;blica (SDH\/PR), envolver&aacute; 15 minist&eacute;rios em sua execu&ccedil;&atilde;o. As medidas buscam promover a cidadania e fortalecer a participa&ccedil;&atilde;o na sociedade, como manda a Conven&ccedil;&atilde;o sobre os Direitos das Pessoas com Defici&ecirc;ncia, das Na&ccedil;&otilde;es Unidas, ratificada pelo Brasil em 2009.<\/p>\n<p class=\"MsoNormal\"><o:p><\/o:p><\/p>\n<p class=\"MsoNormal\">As obras de acessibilidade, feitas em parceria entre Uni&atilde;o, estados e munic&iacute;pios, ter&atilde;o R$ 4,1 bilh&otilde;es. As 1,2 milh&atilde;o de habita&ccedil;&otilde;es para baixa renda do programa Minha Casa, Minha Vida 2, por exemplo, ter&atilde;o a possibilidade de adapta&ccedil;&atilde;o por meio de kits que mudar&atilde;o corredores, banheiros, quartos e cozinhas para permitir o uso por pessoas com defici&ecirc;ncia. <o:p><\/o:p><\/p>\n<p class=\"MsoNormal\">De acordo com o Censo de 2010, do Instituto Brasileiro de Estat&iacute;sticas e Geografia (IBGE), 45,6 milh&otilde;es de brasileiros (23,91%) possuem algum tipo de defici&ecirc;ncia. &ldquo;O governo federal tomou a decis&atilde;o de priorizar a&ccedil;&otilde;es voltadas a essa significativa parcela da sociedade, que durante muitos anos esteve segregada de seus direitos&rdquo;, afirmou a ministra da SDH\/PR, Maria do Ros&aacute;rio.<o:p><\/o:p><\/p>\n<p class=\"MsoNormal\">Educa&ccedil;&atilde;o &#8211; A igualdade de oportunidades para alunos com defici&ecirc;ncia receber&aacute; R$ 1,8 bilh&atilde;o em investimento, com a&ccedil;&otilde;es que v&atilde;o do transporte escolar acess&iacute;vel &agrave; adequa&ccedil;&atilde;o arquitet&ocirc;nica de escolas p&uacute;blicas e institui&ccedil;&otilde;es federais de ensino superior. Al&eacute;m de formar profissionais especializados, ser&atilde;o montadas novas salas de recursos multifuncionais nas escolas p&uacute;blicas, que usam tecnologia da informa&ccedil;&atilde;o para ajudar os estudantes a ter acesso ao conhecimento, e a atualiza&ccedil;&atilde;o das j&aacute; existentes. <o:p><\/o:p><\/p>\n<p class=\"MsoNormal\">Sa&uacute;de &#8211; Os investimentos para a promo&ccedil;&atilde;o da sa&uacute;de e preven&ccedil;&atilde;o de causas de defici&ecirc;ncias ser&atilde;o da ordem de R$ 1,4 bilh&atilde;o at&eacute; 2014. Um sistema nacional para o monitoramento e a busca ativa da triagem neonatal vai incluir dois novos exames no teste do pezinho para a detec&ccedil;&atilde;o da defici&ecirc;ncia de biotinidase e da hiperplasia adrenal cong&ecirc;nita. O refor&ccedil;o incluir&aacute; novos dez protocolos cl&iacute;nicos e diretrizes de v&aacute;rias patologias associadas &agrave; defici&ecirc;ncia. E o fortalecimento na habilita&ccedil;&atilde;o e reabilita&ccedil;&atilde;o ser&aacute; acompanhado de mais equipes especializadas para o atendimento odontol&oacute;gico. <o:p><\/o:p><\/p>\n<p class=\"MsoNormal\">A amplia&ccedil;&atilde;o do fornecimento e manuten&ccedil;&atilde;o de &oacute;rtese, pr&oacute;tese e meios auxiliares de locomo&ccedil;&atilde;o passar&aacute; de R$ 217,4 milh&otilde;es por ano em 2011 para R$ 375,6 milh&otilde;es por ano em 2014. <o:p><\/o:p><\/p>\n<p class=\"MsoNormal\">Para oferecer apoio para pessoas com defici&ecirc;ncia em situa&ccedil;&atilde;o de risco, pobreza, abandono e isolamento, ser&atilde;o criados 27 Centros de Refer&ecirc;ncia. Ser&atilde;o institu&iacute;dos, tamb&eacute;m, cinco centros tecnol&oacute;gicos para a forma&ccedil;&atilde;o de treinadores e instrutores de c&atilde;es-guias em todas as regi&otilde;es do Pa&iacute;s. Atualmente, s&oacute; existem dois instrutores qualificados no Brasil. <o:p><\/o:p><\/p>\n<p class=\"MsoNormal\">PAC e Copa ser&atilde;o acess&iacute;veis<o:p><\/o:p><\/p>\n<p class=\"MsoNormal\">Os investimentos de R$ 30 bilh&otilde;es na infraestrutura de mobilidade urbana do Programa de Acelera&ccedil;&atilde;o do Crescimento (PAC 2) e para a Copa de 2014 v&atilde;o cumprir os requisitos de acessibilidade.&nbsp;<\/p>\n<p class=\"MsoNormal\">Secom<\/p>\n","protected":false},"excerpt":{"rendered":"<p>Uma s\u00e9rie de a\u00e7\u00f5es estrat\u00e9gicas em educa\u00e7\u00e3o, sa\u00fade, inclus\u00e3o social e acessibilidade ter\u00e3o um investimento de R$ 7,6 bilh\u00f5es at\u00e9 2014 para garantir a autonomia de pessoas com defici\u00eancia. O Plano Nacional dos Direitos da Pessoa com Defici\u00eancia \u2013 Viver Sem Limite, lan\u00e7ado na quinta-feira (17) e coordenado pela Secretaria de Direitos Humanos da Presid\u00eancia da Rep\u00fablica (SDH\/PR), envolver\u00e1 15 minist\u00e9rios em sua execu\u00e7\u00e3o.<\/p>\n","protected":false},"author":1,"featured_media":27134,"comment_status":"open","ping_status":"open","sticky":false,"template":"","format":"standard","meta":{"footnotes":""},"categories":[1],"tags":[6289,6288],"class_list":["post-27135","post","type-post","status-publish","format-standard","has-post-thumbnail","hentry","category-noticias-zeca-dirceu","tag-6-bi-para-garantir-direitos-da-pessoa-com-deficiencia","tag-viver-sem-limite-tera-r-7"],"_links":{"self":[{"href":"https:\/\/teste.bsb.br\/zeca\/wp-json\/wp\/v2\/posts\/27135","targetHints":{"allow":["GET"]}}],"collection":[{"href":"https:\/\/teste.bsb.br\/zeca\/wp-json\/wp\/v2\/posts"}],"about":[{"href":"https:\/\/teste.bsb.br\/zeca\/wp-json\/wp\/v2\/types\/post"}],"author":[{"embeddable":true,"href":"https:\/\/teste.bsb.br\/zeca\/wp-json\/wp\/v2\/users\/1"}],"replies":[{"embeddable":true,"href":"https:\/\/teste.bsb.br\/zeca\/wp-json\/wp\/v2\/comments?post=27135"}],"version-history":[{"count":0,"href":"https:\/\/teste.bsb.br\/zeca\/wp-json\/wp\/v2\/posts\/27135\/revisions"}],"wp:featuredmedia":[{"embeddable":true,"href":"https:\/\/teste.bsb.br\/zeca\/wp-json\/wp\/v2\/media\/27134"}],"wp:attachment":[{"href":"https:\/\/teste.bsb.br\/zeca\/wp-json\/wp\/v2\/media?parent=27135"}],"wp:term":[{"taxonomy":"category","embeddable":true,"href":"https:\/\/teste.bsb.br\/zeca\/wp-json\/wp\/v2\/categories?post=27135"},{"taxonomy":"post_tag","embeddable":true,"href":"https:\/\/teste.bsb.br\/zeca\/wp-json\/wp\/v2\/tags?post=27135"}],"curies":[{"name":"wp","href":"https:\/\/api.w.org\/{rel}","templated":true}]}}