{"id":27129,"date":"2011-11-18T00:00:00","date_gmt":"2011-11-18T02:00:00","guid":{"rendered":"https:\/\/www.zecadirceu.com.br\/bolsa-familia-pagara-beneficio-extra-a-maes-durante-periodo-de-amamentacao-e-gravidez\/"},"modified":"2011-11-18T00:00:00","modified_gmt":"2011-11-18T02:00:00","slug":"bolsa-familia-pagara-beneficio-extra-a-maes-durante-periodo-de-amamentacao-e-gravidez","status":"publish","type":"post","link":"https:\/\/teste.bsb.br\/zeca\/bolsa-familia-pagara-beneficio-extra-a-maes-durante-periodo-de-amamentacao-e-gravidez\/","title":{"rendered":"Bolsa Fam\u00edlia pagar\u00e1 benef\u00edcio extra a m\u00e3es durante per\u00edodo de amamenta\u00e7\u00e3o e gravidez"},"content":{"rendered":"<p>&nbsp;O Benef&iacute;cio Vari&aacute;vel Nutriz (BVN) ser&aacute; pago juntamente com o Bolsa Fam&iacute;lia, a partir das estrat&eacute;gias do Plano Brasil Sem Mis&eacute;ria. O objetivo &eacute; elevar a renda familiar.<\/p>\n<p style=\"margin-top: 3px; margin-right: 0px; margin-bottom: 10px; margin-left: 0px; padding-top: 0px; padding-right: 0px; padding-bottom: 0px; padding-left: 0px; line-height: 16px; color: rgb(51, 51, 51); font-family: Arial, Helvetica, sans-serif; \">A partir de agora, a fam&iacute;lia que tiver uma crian&ccedil;a de 0 a 6 meses receber&aacute; seis parcelas mensais de R$ 32. O benef&iacute;cio vari&aacute;vel &agrave; nutriz come&ccedil;a a ser pago quando a crian&ccedil;a for identificada no Cadastro &Uacute;nico.<br \/>\n<br style=\"margin-top: 0px; margin-right: 0px; margin-bottom: 0px; margin-left: 0px; padding-top: 0px; padding-right: 0px; padding-bottom: 0px; padding-left: 0px; \" \/><br \/>\nA fam&iacute;lia tamb&eacute;m recebe outro benef&iacute;cio vari&aacute;vel por passar a contar com um novo membro, o beb&ecirc;, respeitado o limite de cinco benef&iacute;cios vari&aacute;veis por fam&iacute;lia. J&aacute; a fam&iacute;lia com gestante receber&aacute; nove parcelas mensais de R$ 32 (uma por m&ecirc;s de gesta&ccedil;&atilde;o), correspondentes ao benef&iacute;cio vari&aacute;vel &agrave; gestante, a partir de dezembro.<\/p>\n<p style=\"margin-top: 3px; margin-right: 0px; margin-bottom: 10px; margin-left: 0px; padding-top: 0px; padding-right: 0px; padding-bottom: 0px; padding-left: 0px; line-height: 16px; color: rgb(51, 51, 51); font-family: Arial, Helvetica, sans-serif; \">As parcelas come&ccedil;am a ser pagas quando a benefici&aacute;ria for identificada como gestante no Sistema de Gest&atilde;o do Programa Bolsa Fam&iacute;lia na Sa&uacute;de, independentemente do est&aacute;gio da gravidez. A &uacute;nica condi&ccedil;&atilde;o para continuar a receber o benef&iacute;cio &eacute; a realiza&ccedil;&atilde;o do pr&eacute;-natal (consultas e exames). Nos casos de aborto, o benef&iacute;cio n&atilde;o ser&aacute; cancelado, como forma de garantir recupera&ccedil;&atilde;o saud&aacute;vel &agrave; m&atilde;e.<\/p>\n<p style=\"margin-top: 3px; margin-right: 0px; margin-bottom: 10px; margin-left: 0px; padding-top: 0px; padding-right: 0px; padding-bottom: 0px; padding-left: 0px; line-height: 16px; color: rgb(51, 51, 51); font-family: Arial, Helvetica, sans-serif; \">Ao procurar a gest&atilde;o local, para informar sobre a gesta&ccedil;&atilde;o ou sobre a exist&ecirc;ncia de um dependente menor de 6 meses, a mulher ser&aacute; instru&iacute;da sobre a import&acirc;ncia de iniciar o pr&eacute;-natal, realizar a consulta do puerp&eacute;rio (ap&oacute;s o nascimento) e vacinar as crian&ccedil;as menores de 7 anos. Esse acompanhamento &eacute; essencial n&atilde;o s&oacute; para a sa&uacute;de da fam&iacute;lia, mas tamb&eacute;m para a perman&ecirc;ncia no programa de transfer&ecirc;ncia de renda.<\/p>\n<p style=\"margin-top: 3px; margin-right: 0px; margin-bottom: 10px; margin-left: 0px; padding-top: 0px; padding-right: 0px; padding-bottom: 0px; padding-left: 0px; line-height: 16px; color: rgb(51, 51, 51); font-family: Arial, Helvetica, sans-serif; \">Fonte: Minist&eacute;rio do Desenvolvimento Social e Combate &agrave; Fome<\/p>\n<div>&nbsp;<\/div>\n","protected":false},"excerpt":{"rendered":"<p>O Benef\u00edcio Vari\u00e1vel Nutriz (BVN) ser\u00e1 pago juntamente com o Bolsa Fam\u00edlia, a partir das estrat\u00e9gias do Plano Brasil Sem Mis\u00e9ria. O objetivo \u00e9 elevar a renda familiar.<br \/>\nA partir de agora, a fam\u00edlia que tiver uma crian\u00e7a de 0 a 6 meses receber\u00e1 seis parcelas mensais de R$ 32. O benef\u00edcio vari\u00e1vel \u00e0 nutriz come\u00e7a a ser pago quando a crian\u00e7a for identificada no Cadastro \u00danico.<\/p>\n","protected":false},"author":1,"featured_media":27128,"comment_status":"open","ping_status":"open","sticky":false,"template":"","format":"standard","meta":{"footnotes":""},"categories":[1],"tags":[6284],"class_list":["post-27129","post","type-post","status-publish","format-standard","has-post-thumbnail","hentry","category-noticias-zeca-dirceu","tag-bolsa-familia-pagara-beneficio-extra-a-maes-durante-periodo-de-amamentacao-e-gravidez"],"_links":{"self":[{"href":"https:\/\/teste.bsb.br\/zeca\/wp-json\/wp\/v2\/posts\/27129","targetHints":{"allow":["GET"]}}],"collection":[{"href":"https:\/\/teste.bsb.br\/zeca\/wp-json\/wp\/v2\/posts"}],"about":[{"href":"https:\/\/teste.bsb.br\/zeca\/wp-json\/wp\/v2\/types\/post"}],"author":[{"embeddable":true,"href":"https:\/\/teste.bsb.br\/zeca\/wp-json\/wp\/v2\/users\/1"}],"replies":[{"embeddable":true,"href":"https:\/\/teste.bsb.br\/zeca\/wp-json\/wp\/v2\/comments?post=27129"}],"version-history":[{"count":0,"href":"https:\/\/teste.bsb.br\/zeca\/wp-json\/wp\/v2\/posts\/27129\/revisions"}],"wp:featuredmedia":[{"embeddable":true,"href":"https:\/\/teste.bsb.br\/zeca\/wp-json\/wp\/v2\/media\/27128"}],"wp:attachment":[{"href":"https:\/\/teste.bsb.br\/zeca\/wp-json\/wp\/v2\/media?parent=27129"}],"wp:term":[{"taxonomy":"category","embeddable":true,"href":"https:\/\/teste.bsb.br\/zeca\/wp-json\/wp\/v2\/categories?post=27129"},{"taxonomy":"post_tag","embeddable":true,"href":"https:\/\/teste.bsb.br\/zeca\/wp-json\/wp\/v2\/tags?post=27129"}],"curies":[{"name":"wp","href":"https:\/\/api.w.org\/{rel}","templated":true}]}}