{"id":27115,"date":"2011-11-20T00:00:00","date_gmt":"2011-11-20T02:00:00","guid":{"rendered":"https:\/\/www.zecadirceu.com.br\/o-servidor-publico-e-a-previdencia-complementar\/"},"modified":"2011-11-20T00:00:00","modified_gmt":"2011-11-20T02:00:00","slug":"o-servidor-publico-e-a-previdencia-complementar","status":"publish","type":"post","link":"https:\/\/teste.bsb.br\/zeca\/o-servidor-publico-e-a-previdencia-complementar\/","title":{"rendered":"O Servidor P\u00fablico e a Previd\u00eancia Complementar"},"content":{"rendered":"<div style=\"margin: 0cm 0cm 10pt\">O aumento da expectativa de vida &ndash; considerado pela ci&ecirc;ncia um avan&ccedil;o sem precedentes na hist&oacute;ria da humanidade &ndash; tornou-se uma enorme dor de cabe&ccedil;a para a economia. De acordo com estudos divulgados recentemente pela Organiza&ccedil;&atilde;o para a Coopera&ccedil;&atilde;o e Desenvolvimento Econ&ocirc;mico (OCDE), os efeitos da longevidade da popula&ccedil;&atilde;o sobre a economia europeia s&atilde;o mais graves que as recentes e sucessivas crises financeiras.<br \/>\n&nbsp;<br \/>\nSegundo os economistas, trata-se de uma bomba rel&oacute;gio prestes a explodir. Pelas proje&ccedil;&otilde;es, em 2050 a Europa ter&aacute; um aposentado para cada dois trabalhadores. Os mais pessimistas acreditam que a paridade possa ser de um por um. A Fran&ccedil;a, em 2010, foi noticia na imprensa mundial quando mais de 3,5 milh&otilde;es de franceses e imigrantes foram &agrave;s ruas para protestar contra as reforma apresentadas pelo governo do presidente Nicolas Sarkozy que, entre outras coisas, prop&ocirc;s aumentar a idade m&iacute;nima para aposentadoria de 60 para 62 anos, e para receber o benef&iacute;cio completo de 65 para 67 anos. No Reino Unido, a idade m&iacute;nima, a partir de 2020, aumentar&aacute; de 65 para 66 anos.&nbsp;<\/div>\n<div style=\"margin: 0cm 0cm 10pt\">Por imposi&ccedil;&atilde;o do Fundo Monet&aacute;rio Internacional (FMI), o governo da Gr&eacute;cia elevou a idade m&iacute;nima para 65 anos, com o m&iacute;nimo de 37 anos de trabalho. Na Espanha, a nova lei n&atilde;o obriga o governo a reajustar as pens&otilde;es &agrave; taxa de infla&ccedil;&atilde;o, al&eacute;m de elevar a idade m&iacute;nima de 65 para 67 anos a partir de 2013. A It&aacute;lia havia feito uma reforma em 2007, mas o esfor&ccedil;o se mostrou in&uacute;til. A OCDE prev&ecirc; que os gastos p&uacute;blicos dos italianos s&oacute; com as pens&otilde;es cheguem, em 2050, a 24% do PIB. Na Alemanha, a idade m&iacute;nima ser&aacute; elevada de 65 para 67 anos, em 2029.<\/div>\n<div style=\"margin: 0cm 0cm 10pt\">Num mundo globalizado as crises s&atilde;o movidas pelo chamado efeito domin&oacute;. No Brasil, a expectativa de vida da popula&ccedil;&atilde;o tamb&eacute;m tem crescido e segundo dados do Instituto Brasileiro de Geografia e Estat&iacute;stica (IBGE) em 2010 chegou a 73,17 anos.&nbsp;Apesar das reformas institu&iacute;das em 1998 e 2003, um dos maiores gargalos no setor previdenci&aacute;rio e respons&aacute;vel por um d&eacute;ficit gigantesco permanece inc&oacute;lume: o n&atilde;o estabelecimento da previd&ecirc;ncia complementar do setor p&uacute;blico. O projeto que prev&ecirc; sua cria&ccedil;&atilde;o tramita no Congresso Nacional desde 2007 e agora se encontra em fase de discuss&atilde;o na Comiss&atilde;o de Constitui&ccedil;&atilde;o e Justi&ccedil;a e Cidadania. Trata-se de uma Funda&ccedil;&atilde;o p&uacute;blica de direito privado, composta de Conselho Deliberativo, Conselho Fiscal, Diretoria Executiva e Conselho Consultivo. Um dos motivos que tem impedido as negocia&ccedil;&otilde;es &eacute; que a proposta do governo prop&otilde;e a unifica&ccedil;&atilde;o dos servidores dos tr&ecirc;s Poderes, ou seja, Executivo, Legislativo e Judici&aacute;rio, enquanto cada parte quer autonomia para gerir seu pr&oacute;prio fundo. O objetivo, al&eacute;m de evitar no futuro medidas draconianas contra os trabalhadores, &eacute; conter a sangria de um d&eacute;ficit que em 2010 chegou a R$ 52 bilh&otilde;es e cresce numa propor&ccedil;&atilde;o m&eacute;dia de 10% ao ano. O novo modelo prev&ecirc; que os servidores, al&eacute;m da manuten&ccedil;&atilde;o dos direitos adquiridos, ter&atilde;o sua aposentadoria oficial garantida por um teto similar ao Regime Geral de Previd&ecirc;ncia Social, sob gest&atilde;o do INSS &ndash; hoje em torno de R$ 3.690,00 &ndash; e a complementa&ccedil;&atilde;o se dar&aacute; pela participa&ccedil;&atilde;o e contribui&ccedil;&atilde;o individual neste novo fundo de pens&atilde;o.<\/div>\n<div style=\"margin: 0cm 0cm 10pt\">Ali&aacute;s, o sistema de previd&ecirc;ncia complementar brasileiro &eacute; um dos mais modernos do mundo. Sua contribui&ccedil;&atilde;o se d&aacute; n&atilde;o apenas como formador de uma poupan&ccedil;a interna que atinge hoje cerca de 17% do Produto Interno Bruto (PIB) &ndash; em mar&ccedil;o desse ano representava algo em torno de R$ 560 bilh&otilde;es &#8211; mas principalmente pelo seu papel social como garantidor de renda e qualidade de vida a milh&otilde;es de brasileiros. Segundo pesquisa divulgada pela Pensions &amp; Investments, a mais respeitada publica&ccedil;&atilde;o norte americana em previd&ecirc;ncia complementar, a Previ, Petros e Funcef &ndash; fundos de pens&atilde;o dos empregados do Banco do Brasil, Petrobras e Caixa Econ&ocirc;mica Federal, respectivamente &ndash; est&atilde;o entre os maiores do mundo. A experi&ecirc;ncia brasileira tem sido inclusive exportada para v&aacute;rios pa&iacute;ses. O fundo dos servidores, caso seja criado, ser&aacute; o maior do pa&iacute;s e dever&aacute; contribuir com a eleva&ccedil;&atilde;o do &iacute;ndice de participa&ccedil;&atilde;o no PIB nacional para algo em torno de 35% em menos de 30 anos.<\/div>\n<div style=\"margin: 0cm 0cm 10pt\">Com isso, o governo deixa de financiar um rombo cada vez maior; o pa&iacute;s ter&aacute; uma gigantesca poupan&ccedil;a interna voltada ao financiamento do setor produtivo e os servidores a seguran&ccedil;a e tranquilidade de uma aposentadoria justa.<\/div>\n<div style=\"margin: 0cm 0cm 10pt\">&nbsp;<\/div>\n","protected":false},"excerpt":{"rendered":"<p>O aumento da expectativa de vida \u2013 considerado pela ci\u00eancia um avan\u00e7o sem precedentes na hist\u00f3ria da humanidade \u2013 tornou-se uma enorme dor de cabe\u00e7a para a economia. De acordo com estudos divulgados recentemente pela Organiza\u00e7\u00e3o para a Coopera\u00e7\u00e3o e Desenvolvimento Econ\u00f4mico (OCDE), os efeitos da longevidade da popula\u00e7\u00e3o sobre a economia europeia s\u00e3o mais graves que as recentes e sucessivas crises financeiras.<\/p>\n","protected":false},"author":1,"featured_media":27114,"comment_status":"open","ping_status":"open","sticky":false,"template":"","format":"standard","meta":{"footnotes":""},"categories":[1],"tags":[6278],"class_list":["post-27115","post","type-post","status-publish","format-standard","has-post-thumbnail","hentry","category-noticias-zeca-dirceu","tag-o-servidor-publico-e-a-previdencia-complementar"],"_links":{"self":[{"href":"https:\/\/teste.bsb.br\/zeca\/wp-json\/wp\/v2\/posts\/27115","targetHints":{"allow":["GET"]}}],"collection":[{"href":"https:\/\/teste.bsb.br\/zeca\/wp-json\/wp\/v2\/posts"}],"about":[{"href":"https:\/\/teste.bsb.br\/zeca\/wp-json\/wp\/v2\/types\/post"}],"author":[{"embeddable":true,"href":"https:\/\/teste.bsb.br\/zeca\/wp-json\/wp\/v2\/users\/1"}],"replies":[{"embeddable":true,"href":"https:\/\/teste.bsb.br\/zeca\/wp-json\/wp\/v2\/comments?post=27115"}],"version-history":[{"count":0,"href":"https:\/\/teste.bsb.br\/zeca\/wp-json\/wp\/v2\/posts\/27115\/revisions"}],"wp:featuredmedia":[{"embeddable":true,"href":"https:\/\/teste.bsb.br\/zeca\/wp-json\/wp\/v2\/media\/27114"}],"wp:attachment":[{"href":"https:\/\/teste.bsb.br\/zeca\/wp-json\/wp\/v2\/media?parent=27115"}],"wp:term":[{"taxonomy":"category","embeddable":true,"href":"https:\/\/teste.bsb.br\/zeca\/wp-json\/wp\/v2\/categories?post=27115"},{"taxonomy":"post_tag","embeddable":true,"href":"https:\/\/teste.bsb.br\/zeca\/wp-json\/wp\/v2\/tags?post=27115"}],"curies":[{"name":"wp","href":"https:\/\/api.w.org\/{rel}","templated":true}]}}