{"id":27103,"date":"2011-11-20T00:00:00","date_gmt":"2011-11-20T02:00:00","guid":{"rendered":"https:\/\/www.zecadirceu.com.br\/jose-dirceu-lanca-livro-em-foz-do-iguacu-2\/"},"modified":"2011-11-20T00:00:00","modified_gmt":"2011-11-20T02:00:00","slug":"jose-dirceu-lanca-livro-em-foz-do-iguacu-2","status":"publish","type":"post","link":"https:\/\/teste.bsb.br\/zeca\/jose-dirceu-lanca-livro-em-foz-do-iguacu-2\/","title":{"rendered":"Jos\u00e9 Dirceu lan\u00e7a livro em Foz do Igua\u00e7u"},"content":{"rendered":"<div style=\"margin: 0cm 0cm 10pt\">\n<div style=\"margin: 0cm 0cm 10pt\">O ex-ministro-chefe da Casa Civil Jos&eacute; Dirceu esteve sexta-feira, 19, na Alian&ccedil;a Francesa em Foz do Igua&ccedil;u para uma tarde de aut&oacute;grafos. Ele lan&ccedil;ou o livro &quot;Tempos de Plan&iacute;cie&quot;, colet&acirc;nea que re&uacute;ne artigos com as principais discuss&otilde;es sobre os desafios que o Brasil tem em sua trajet&oacute;ria de desenvolvimento. O deputado federal Zeca Dirceu acompanhou o pai, neste primeiro &nbsp;lan&ccedil;amento no Paran&aacute;, que tamb&eacute;m contou com a presen&ccedil;a de v&aacute;rias autoridades da cidade e da&nbsp;regi&atilde;o oeste do estado.<\/div>\n<div style=\"margin: 0cm 0cm 10pt\">O livro &quot;Tempos de Plan&iacute;cie&quot; &eacute; um produto desse novo ambiente em forma&ccedil;&atilde;o no pa&iacute;s, permeado pelo debate de como superar velhos e arraigados entraves ao nosso desenvolvimento sustent&aacute;vel, mas tamb&eacute;m de como potencializar os avan&ccedil;os que temos experimentado.<\/div>\n<div style=\"margin: 0cm 0cm 10pt\">A obra re&uacute;ne 73 artigos publicados de 2006 a 2010 nos principais ve&iacute;culos de comunica&ccedil;&atilde;o do pa&iacute;s. Os textos est&atilde;o organizados em oito cap&iacute;tulos tem&aacute;ticos e revelam discuss&otilde;es fundamentais sob a perspectiva de nossa hist&oacute;ria recente. O conte&uacute;do organizado em &quot;Tempos de Plan&iacute;cie&quot; resume a vis&atilde;o do ex-ministro sobre os assuntos mais relevantes ao pa&iacute;s neste momento singular, debatendo da reforma pol&iacute;tica &agrave; comunica&ccedil;&atilde;o e m&iacute;dia; da conjuntura internacional &agrave;s pol&iacute;ticas sociais e econ&ocirc;micas; da infraestrutura &agrave; import&acirc;ncia dos movimentos sociais.<\/div>\n<div style=\"margin: 0cm 0cm 10pt\">Com R&aacute;dio Cultura AM Foz<\/div>\n<\/div>\n","protected":false},"excerpt":{"rendered":"<p>O ex-ministro-chefe da Casa Civil Jos\u00e9 Dirceu esteve sexta-feira, 19, na Alian\u00e7a Francesa em Foz do Igua\u00e7u para uma tarde de aut\u00f3grafos. Ele lan\u00e7ou o livro &#8220;Tempos de Plan\u00edcie&#8221;, colet\u00e2nea que re\u00fane artigos com as principais discuss\u00f5es sobre os desafios que o Brasil tem em sua trajet\u00f3ria de desenvolvimento. O deputado federal Zeca Dirceu acompanhou o pai, neste primeiro  lan\u00e7amento no Paran\u00e1, que tamb\u00e9m contou com a presen\u00e7a de v\u00e1rias autoridades da cidade e da regi\u00e3o oeste do estado.<\/p>\n","protected":false},"author":1,"featured_media":27102,"comment_status":"open","ping_status":"open","sticky":false,"template":"","format":"standard","meta":{"footnotes":""},"categories":[1],"tags":[6276],"class_list":["post-27103","post","type-post","status-publish","format-standard","has-post-thumbnail","hentry","category-noticias-zeca-dirceu","tag-jose-dirceu-lanca-livro-em-foz-do-iguacu"],"_links":{"self":[{"href":"https:\/\/teste.bsb.br\/zeca\/wp-json\/wp\/v2\/posts\/27103","targetHints":{"allow":["GET"]}}],"collection":[{"href":"https:\/\/teste.bsb.br\/zeca\/wp-json\/wp\/v2\/posts"}],"about":[{"href":"https:\/\/teste.bsb.br\/zeca\/wp-json\/wp\/v2\/types\/post"}],"author":[{"embeddable":true,"href":"https:\/\/teste.bsb.br\/zeca\/wp-json\/wp\/v2\/users\/1"}],"replies":[{"embeddable":true,"href":"https:\/\/teste.bsb.br\/zeca\/wp-json\/wp\/v2\/comments?post=27103"}],"version-history":[{"count":0,"href":"https:\/\/teste.bsb.br\/zeca\/wp-json\/wp\/v2\/posts\/27103\/revisions"}],"wp:featuredmedia":[{"embeddable":true,"href":"https:\/\/teste.bsb.br\/zeca\/wp-json\/wp\/v2\/media\/27102"}],"wp:attachment":[{"href":"https:\/\/teste.bsb.br\/zeca\/wp-json\/wp\/v2\/media?parent=27103"}],"wp:term":[{"taxonomy":"category","embeddable":true,"href":"https:\/\/teste.bsb.br\/zeca\/wp-json\/wp\/v2\/categories?post=27103"},{"taxonomy":"post_tag","embeddable":true,"href":"https:\/\/teste.bsb.br\/zeca\/wp-json\/wp\/v2\/tags?post=27103"}],"curies":[{"name":"wp","href":"https:\/\/api.w.org\/{rel}","templated":true}]}}