{"id":27099,"date":"2011-11-21T00:00:00","date_gmt":"2011-11-21T02:00:00","guid":{"rendered":"https:\/\/www.zecadirceu.com.br\/habilitacao-para-radios-comunitarias\/"},"modified":"2011-11-21T00:00:00","modified_gmt":"2011-11-21T02:00:00","slug":"habilitacao-para-radios-comunitarias","status":"publish","type":"post","link":"https:\/\/teste.bsb.br\/zeca\/habilitacao-para-radios-comunitarias\/","title":{"rendered":"Habilita\u00e7\u00e3o para r\u00e1dios comunit\u00e1rias"},"content":{"rendered":"<p>&nbsp;O Minist&eacute;rio das Comunica&ccedil;&otilde;es publicou, na &uacute;ltima quinta-feira (17), o &uacute;ltimo aviso de habilita&ccedil;&atilde;o para r&aacute;dios comunit&aacute;rias deste ano. Desta vez, ser&atilde;o contemplados 60 munic&iacute;pios de todas as regi&otilde;es do Brasil: 36 no Nordeste, 10 no Sudeste, 9 no Norte, 4 no Sul e 1 no Centro-Oeste. As entidades interessadas em obter autoriza&ccedil;&atilde;o para operar uma emissora comunit&aacute;ria ter&atilde;o 60 dias para se inscrever. Toda a tramita&ccedil;&atilde;o dos processos ocorrer&aacute; na sede do Minist&eacute;rio das Comunica&ccedil;&otilde;es, em Bras&iacute;lia.<\/p>\n<p>As associa&ccedil;&otilde;es e funda&ccedil;&otilde;es dever&atilde;o encaminhar a documenta&ccedil;&atilde;o para a Secretaria de Servi&ccedil;os de Comunica&ccedil;&atilde;o Eletr&ocirc;nica do minist&eacute;rio. Os detalhes do aviso publicado no Di&aacute;rio Oficial da Uni&atilde;o, como prazos, valores de taxas e documenta&ccedil;&atilde;o, podem ser conferidos&nbsp;<a class=\"external-link first-child last-child\" target=\"_blank\" style=\"margin-top: 0px; margin-right: 0px; margin-bottom: 0px; margin-left: 0px; padding-top: 0px; padding-right: 12px; padding-bottom: 0px; padding-left: 0px; border-top-width: 0px; border-right-width: 0px; border-bottom-width: 0px; border-left-width: 0px; border-style: initial; border-color: initial; outline-width: 0px; outline-style: initial; outline-color: initial; vertical-align: baseline; background-image: url(http:\/\/www.secom.gov.br\/portal_css\/Secom\/bg\/linkExterno.gif); background-attachment: initial; background-origin: initial; background-clip: initial; color: rgb(23, 67, 155); font-family: Arial, Helvetica, sans-serif; font-size: 13px; line-height: 17px; background-position: 100% 50%; background-repeat: no-repeat no-repeat; \" href=\"http:\/\/www.in.gov.br\/visualiza\/index.jsp?data=17\/11\/2011&amp;jornal=3&amp;pagina=161&amp;totalArquivos=288\">aqui<\/a>&nbsp;. O Plano Nacional de Outorgas 2011 para Radiodifus&atilde;o Comunit&aacute;ria, lan&ccedil;ado em mar&ccedil;o deste ano, beneficiou 431 munic&iacute;pios de todo o Pa&iacute;s com a abertura de avisos de habilita&ccedil;&atilde;o.<\/p>\n<p>Secom<br type=\"_moz\" \/><\/p>\n","protected":false},"excerpt":{"rendered":"<p>O Minist\u00e9rio das Comunica\u00e7\u00f5es publicou, na \u00faltima quinta-feira (17), o \u00faltimo aviso de habilita\u00e7\u00e3o para r\u00e1dios comunit\u00e1rias deste ano. Desta vez, ser\u00e3o contemplados 60 munic\u00edpios de todas as regi\u00f5es do Brasil: 36 no Nordeste, 10 no Sudeste, 9 no Norte, 4 no Sul e 1 no Centro-Oeste. As entidades interessadas em obter autoriza\u00e7\u00e3o para operar uma emissora comunit\u00e1ria ter\u00e3o 60 dias para se inscrever. Toda a tramita\u00e7\u00e3o dos processos ocorrer\u00e1 na sede do Minist\u00e9rio das Comunica\u00e7\u00f5es, em Bras\u00edlia.<\/p>\n","protected":false},"author":1,"featured_media":27098,"comment_status":"open","ping_status":"open","sticky":false,"template":"","format":"standard","meta":{"footnotes":""},"categories":[1],"tags":[6275],"class_list":["post-27099","post","type-post","status-publish","format-standard","has-post-thumbnail","hentry","category-noticias-zeca-dirceu","tag-habilitacao-para-radios-comunitarias"],"_links":{"self":[{"href":"https:\/\/teste.bsb.br\/zeca\/wp-json\/wp\/v2\/posts\/27099","targetHints":{"allow":["GET"]}}],"collection":[{"href":"https:\/\/teste.bsb.br\/zeca\/wp-json\/wp\/v2\/posts"}],"about":[{"href":"https:\/\/teste.bsb.br\/zeca\/wp-json\/wp\/v2\/types\/post"}],"author":[{"embeddable":true,"href":"https:\/\/teste.bsb.br\/zeca\/wp-json\/wp\/v2\/users\/1"}],"replies":[{"embeddable":true,"href":"https:\/\/teste.bsb.br\/zeca\/wp-json\/wp\/v2\/comments?post=27099"}],"version-history":[{"count":0,"href":"https:\/\/teste.bsb.br\/zeca\/wp-json\/wp\/v2\/posts\/27099\/revisions"}],"wp:featuredmedia":[{"embeddable":true,"href":"https:\/\/teste.bsb.br\/zeca\/wp-json\/wp\/v2\/media\/27098"}],"wp:attachment":[{"href":"https:\/\/teste.bsb.br\/zeca\/wp-json\/wp\/v2\/media?parent=27099"}],"wp:term":[{"taxonomy":"category","embeddable":true,"href":"https:\/\/teste.bsb.br\/zeca\/wp-json\/wp\/v2\/categories?post=27099"},{"taxonomy":"post_tag","embeddable":true,"href":"https:\/\/teste.bsb.br\/zeca\/wp-json\/wp\/v2\/tags?post=27099"}],"curies":[{"name":"wp","href":"https:\/\/api.w.org\/{rel}","templated":true}]}}