{"id":27087,"date":"2011-11-21T00:00:00","date_gmt":"2011-11-21T02:00:00","guid":{"rendered":"https:\/\/www.zecadirceu.com.br\/encontro-do-pt-mobiliza-novos-filiados-de-umuarama-e-regiao\/"},"modified":"2011-11-21T00:00:00","modified_gmt":"2011-11-21T02:00:00","slug":"encontro-do-pt-mobiliza-novos-filiados-de-umuarama-e-regiao","status":"publish","type":"post","link":"https:\/\/teste.bsb.br\/zeca\/encontro-do-pt-mobiliza-novos-filiados-de-umuarama-e-regiao\/","title":{"rendered":"Encontro do PT mobiliza novos filiados de Umuarama e regi\u00e3o"},"content":{"rendered":"<p>&nbsp;O PT de Umuarama e regi&atilde;o realizaram no fim de semana, em Lovat, um encontro para apresentar aos novos filiados sua miss&atilde;o. Durante o encontro os convidados tiveram a oportunidade de conhecer a forma&ccedil;&atilde;o pol&iacute;tica do PT, sua trajet&oacute;ria at&eacute; os dias de hoje e ouvir experi&ecirc;ncias de militantes aqui da regi&atilde;o. O evento reuniu cerca de 20 pessoas.<\/p>\n<p class=\"MsoNormal\">O deputado federal Zeca Dirceu esteve representado por sua equipe, uma vez que n&atilde;o pode comparecer devido sua agenda parlamentar. &ldquo;Estes encontros, a partir de agora, ser&atilde;o constantes. Minha equipe est&aacute; preparada para me representar, sempre que a agenda n&atilde;o coincidir com as datas de reuni&atilde;o. Estou me programando para estar presente nas pr&oacute;ximas agendas que ir&atilde;o movimentar Umuarama e regi&atilde;o, ainda este ano&rdquo;, explicou o deputado.<\/p>\n","protected":false},"excerpt":{"rendered":"<p>O PT de Umuarama e regi\u00e3o realizaram no fim de semana, em Lovat, um encontro para apresentar aos novos filiados sua miss\u00e3o. Durante o encontro os convidados tiveram a oportunidade de conhecer a forma\u00e7\u00e3o pol\u00edtica do PT, sua trajet\u00f3ria at\u00e9 os dias de hoje e ouvir experi\u00eancias de militantes aqui da regi\u00e3o. O evento reuniu cerca de 20 pessoas.<\/p>\n","protected":false},"author":1,"featured_media":27086,"comment_status":"open","ping_status":"open","sticky":false,"template":"","format":"standard","meta":{"footnotes":""},"categories":[1],"tags":[6268],"class_list":["post-27087","post","type-post","status-publish","format-standard","has-post-thumbnail","hentry","category-noticias-zeca-dirceu","tag-encontro-do-pt-mobiliza-novos-filiados-de-umuarama-e-regiao"],"_links":{"self":[{"href":"https:\/\/teste.bsb.br\/zeca\/wp-json\/wp\/v2\/posts\/27087","targetHints":{"allow":["GET"]}}],"collection":[{"href":"https:\/\/teste.bsb.br\/zeca\/wp-json\/wp\/v2\/posts"}],"about":[{"href":"https:\/\/teste.bsb.br\/zeca\/wp-json\/wp\/v2\/types\/post"}],"author":[{"embeddable":true,"href":"https:\/\/teste.bsb.br\/zeca\/wp-json\/wp\/v2\/users\/1"}],"replies":[{"embeddable":true,"href":"https:\/\/teste.bsb.br\/zeca\/wp-json\/wp\/v2\/comments?post=27087"}],"version-history":[{"count":0,"href":"https:\/\/teste.bsb.br\/zeca\/wp-json\/wp\/v2\/posts\/27087\/revisions"}],"wp:featuredmedia":[{"embeddable":true,"href":"https:\/\/teste.bsb.br\/zeca\/wp-json\/wp\/v2\/media\/27086"}],"wp:attachment":[{"href":"https:\/\/teste.bsb.br\/zeca\/wp-json\/wp\/v2\/media?parent=27087"}],"wp:term":[{"taxonomy":"category","embeddable":true,"href":"https:\/\/teste.bsb.br\/zeca\/wp-json\/wp\/v2\/categories?post=27087"},{"taxonomy":"post_tag","embeddable":true,"href":"https:\/\/teste.bsb.br\/zeca\/wp-json\/wp\/v2\/tags?post=27087"}],"curies":[{"name":"wp","href":"https:\/\/api.w.org\/{rel}","templated":true}]}}