{"id":27077,"date":"2011-11-21T00:00:00","date_gmt":"2011-11-21T02:00:00","guid":{"rendered":"https:\/\/www.zecadirceu.com.br\/zeca-apoia-a-afebras-na-geracao-de-empregos-no-pais\/"},"modified":"2011-11-21T00:00:00","modified_gmt":"2011-11-21T02:00:00","slug":"zeca-apoia-a-afebras-na-geracao-de-empregos-no-pais","status":"publish","type":"post","link":"https:\/\/teste.bsb.br\/zeca\/zeca-apoia-a-afebras-na-geracao-de-empregos-no-pais\/","title":{"rendered":"Zeca apoia a AFEBRAS na gera\u00e7\u00e3o de empregos, no pa\u00eds"},"content":{"rendered":"<p class=\"MsoNormal\">O deputado Zeca Dirceu participou da AFEBRAS 2011, segundo congresso de bebidas que aconteceu no per&iacute;odo de 08 a 10 de novembro. O evento surgiu em 2005, com o objetivo de reunir os fabricantes de refrigerantes brasileiros para discutir alternativas e solu&ccedil;&otilde;es para o mercado de bebidas, em busca de uma concorr&ecirc;ncia leal. Os pequenos e m&eacute;dios fabricantes se unem para debater o mercado e encontrar solu&ccedil;&otilde;es.<\/p>\n<p class=\"MsoNormal\">Para o deputado federal Zeca Dirceu defende o setor, que gera empregos no pa&iacute;s. E faz o compromisso de junto com a AFEBRAS eliminar os gargalos do setor. Ou&ccedil;a a reportagem no &iacute;cone abaixo.&nbsp;<\/p>\n","protected":false},"excerpt":{"rendered":"<p>O deputado Zeca Dirceu participou da AFEBRAS 2011, segundo congresso de bebidas que aconteceu no per\u00edodo de 08 a 10 de novembro. O evento surgiu em 2005, com o objetivo de reunir os fabricantes de refrigerantes brasileiros para discutir alternativas e solu\u00e7\u00f5es para o mercado de bebidas, em busca de uma concorr\u00eancia leal. Os pequenos e m\u00e9dios fabricantes se unem para debater o mercado e encontrar solu\u00e7\u00f5es.Ou\u00e7a a reportagem no \u00edcone abaixo.<\/p>\n","protected":false},"author":1,"featured_media":27076,"comment_status":"open","ping_status":"open","sticky":false,"template":"","format":"standard","meta":{"footnotes":""},"categories":[1],"tags":[6263],"class_list":["post-27077","post","type-post","status-publish","format-standard","has-post-thumbnail","hentry","category-noticias-zeca-dirceu","tag-zeca-apoia-a-afebras-na-geracao-de-empregos-no-pais"],"_links":{"self":[{"href":"https:\/\/teste.bsb.br\/zeca\/wp-json\/wp\/v2\/posts\/27077","targetHints":{"allow":["GET"]}}],"collection":[{"href":"https:\/\/teste.bsb.br\/zeca\/wp-json\/wp\/v2\/posts"}],"about":[{"href":"https:\/\/teste.bsb.br\/zeca\/wp-json\/wp\/v2\/types\/post"}],"author":[{"embeddable":true,"href":"https:\/\/teste.bsb.br\/zeca\/wp-json\/wp\/v2\/users\/1"}],"replies":[{"embeddable":true,"href":"https:\/\/teste.bsb.br\/zeca\/wp-json\/wp\/v2\/comments?post=27077"}],"version-history":[{"count":0,"href":"https:\/\/teste.bsb.br\/zeca\/wp-json\/wp\/v2\/posts\/27077\/revisions"}],"wp:featuredmedia":[{"embeddable":true,"href":"https:\/\/teste.bsb.br\/zeca\/wp-json\/wp\/v2\/media\/27076"}],"wp:attachment":[{"href":"https:\/\/teste.bsb.br\/zeca\/wp-json\/wp\/v2\/media?parent=27077"}],"wp:term":[{"taxonomy":"category","embeddable":true,"href":"https:\/\/teste.bsb.br\/zeca\/wp-json\/wp\/v2\/categories?post=27077"},{"taxonomy":"post_tag","embeddable":true,"href":"https:\/\/teste.bsb.br\/zeca\/wp-json\/wp\/v2\/tags?post=27077"}],"curies":[{"name":"wp","href":"https:\/\/api.w.org\/{rel}","templated":true}]}}