{"id":27075,"date":"2011-11-21T00:00:00","date_gmt":"2011-11-21T02:00:00","guid":{"rendered":"https:\/\/www.zecadirceu.com.br\/bancada-do-pt-participa-de-debate-sobre-os-pedagios-no-parana\/"},"modified":"2011-11-21T00:00:00","modified_gmt":"2011-11-21T02:00:00","slug":"bancada-do-pt-participa-de-debate-sobre-os-pedagios-no-parana","status":"publish","type":"post","link":"https:\/\/teste.bsb.br\/zeca\/bancada-do-pt-participa-de-debate-sobre-os-pedagios-no-parana\/","title":{"rendered":"Bancada do PT participa de debate sobre os ped\u00e1gios no Paran\u00e1"},"content":{"rendered":"<p>&nbsp;A bancada do PT participou nesta segunda-feira,21, de audi&ecirc;ncia p&uacute;blica&nbsp; que discutiu a gest&atilde;o de concess&atilde;o de rodovias no Paran&aacute;. Os deputados do PT se manifestaram contr&aacute;rios ao reajuste do ped&aacute;gio e a cria&ccedil;&atilde;o de novas pra&ccedil;as pelo governo do Estado. A audi&ecirc;ncia foi proposta pelo deputado Professor Lemos, com a participa&ccedil;&atilde;o do F&oacute;rum Nacional Contra o Ped&aacute;gio.<\/p>\n<p class=\"MsoNormal\"><o:p><\/o:p><\/p>\n<p class=\"MsoNormal\">&nbsp;A l&iacute;der da bancada do PT, deputada Luciana Rafagnin defendeu que os deputados se unam com a sociedade contra novos reajustes que devem acontecer em dezembro. &ldquo;O momento &eacute; agora. H&aacute; um&nbsp; abuso na cobran&ccedil;a do ped&aacute;gio. N&atilde;o podemos permitir que novas pra&ccedil;as sejam criadas e que mais aumento aconte&ccedil;a.&rdquo;, afirmou.<o:p><\/o:p><\/p>\n<p class=\"MsoNormal\">&nbsp;O governo do Paran&aacute; decidiu retomar o programa de concess&atilde;o de estradas, entregando para a iniciativa privada os trechos da PR-323 e da BR-272, entre Maring&aacute; e Gua&iacute;ra. O governo n&atilde;o informa quantas pra&ccedil;as e nem quanto ser&aacute;&nbsp; investido em obras na rodovia antes de coloc&aacute;-la em licita&ccedil;&atilde;o.<o:p><\/o:p><\/p>\n<p class=\"MsoNormal\">&nbsp;Os deputados do PT tamb&eacute;m&nbsp; repudiam um poss&iacute;vel acordo entre as concession&aacute;rias do ped&aacute;gio e o governo do Estado para reduzir as tarifas de ped&aacute;gio e antecipar o cronograma de obras.Em troca, os contratos seriam prorrogados em 15 anos.<\/p>\n<p class=\"MsoNormal\">Ex-integrante da Comiss&atilde;o Parlamentar de Inqu&eacute;rito (CPI) formada pela Assembleia entre 2003 e 2004 que investigou os contratos do ped&aacute;gio, o deputado P&eacute;ricles de Mello tamb&eacute;m voltou a defender a instala&ccedil;&atilde;o da Comiss&atilde;o Especial para acompanhar a negocia&ccedil;&atilde;o&nbsp; entre o Governo do Estado e as concession&aacute;rias de rodovias.&rdquo;Somos tolidos aqui na Assembleia para criar uma Comiss&atilde;o para investigar os contratos de concess&atilde;o. Deputados retiraram assinaturas. &Eacute; muito importante que esse f&oacute;rum sja permanente contra o ped&aacute;gio. A popula&ccedil;&atilde;o est&aacute; cada vez mais revoltada, enquanto o governo faz negocia&ccedil;&atilde;o &agrave;s escuras&rdquo;, afirmou.<o:p><\/o:p><\/p>\n<p class=\"MsoNormal\">&nbsp;Para o deputado Elton Welter, defendeu o fim do contratos de concess&atilde;o. &quot;As concession&aacute;rias t&ecirc;m um retorno extraordin&aacute;rio das taxas cobradas. N&atilde;o &eacute; poss&iacute;vel que n&atilde;o haja uma maneira de sustar esses contratos. N&atilde;o somos contra o ped&aacute;gio, mas contra esse modelo de gest&atilde;o que onera o bolso do cidad&atilde;o e enriquece as concession&aacute;rias.&quot;<o:p><\/o:p><\/p>\n<p class=\"MsoNormal\">&nbsp;Para o deputado Professor Lemos, antes de se falar em aumento de tarifas e novas concess&otilde;es &eacute; preciso que se respeitem os contratos firmados. &quot;Os ped&aacute;gios, do jeito que est&atilde;o, s&atilde;o lesivos a economia do Paran&aacute; e ao povo paranaense. &Eacute; necess&aacute;rio se retomar os contratos originais, recalcular as tarifas e n&atilde;o prorrogar o tempo de concess&atilde;o`., defendeu&nbsp; Lemos.<\/p>\n<p><span class=\"Apple-style-span\" style=\"color: rgb(44, 44, 44); font-family: 'Trebuchet MS', sans-serif; line-height: 20px; \">Lideran&ccedil;a do PT na Alep \/ Fotos: Nani Gois\/Alep<\/span><\/p>\n","protected":false},"excerpt":{"rendered":"<p>A bancada do PT participou nesta segunda-feira,21, de audi\u00eancia p\u00fablica  que discutiu a gest\u00e3o de concess\u00e3o de rodovias no Paran\u00e1. Os deputados do PT se manifestaram contr\u00e1rios ao reajuste do ped\u00e1gio e a cria\u00e7\u00e3o de novas pra\u00e7as pelo governo do Estado. A audi\u00eancia foi proposta pelo deputado Professor Lemos, com a participa\u00e7\u00e3o do F\u00f3rum Nacional Contra o Ped\u00e1gio.<\/p>\n","protected":false},"author":1,"featured_media":27074,"comment_status":"open","ping_status":"open","sticky":false,"template":"","format":"standard","meta":{"footnotes":""},"categories":[1],"tags":[6262],"class_list":["post-27075","post","type-post","status-publish","format-standard","has-post-thumbnail","hentry","category-noticias-zeca-dirceu","tag-bancada-do-pt-participa-de-debate-sobre-os-pedagios-no-parana"],"_links":{"self":[{"href":"https:\/\/teste.bsb.br\/zeca\/wp-json\/wp\/v2\/posts\/27075","targetHints":{"allow":["GET"]}}],"collection":[{"href":"https:\/\/teste.bsb.br\/zeca\/wp-json\/wp\/v2\/posts"}],"about":[{"href":"https:\/\/teste.bsb.br\/zeca\/wp-json\/wp\/v2\/types\/post"}],"author":[{"embeddable":true,"href":"https:\/\/teste.bsb.br\/zeca\/wp-json\/wp\/v2\/users\/1"}],"replies":[{"embeddable":true,"href":"https:\/\/teste.bsb.br\/zeca\/wp-json\/wp\/v2\/comments?post=27075"}],"version-history":[{"count":0,"href":"https:\/\/teste.bsb.br\/zeca\/wp-json\/wp\/v2\/posts\/27075\/revisions"}],"wp:featuredmedia":[{"embeddable":true,"href":"https:\/\/teste.bsb.br\/zeca\/wp-json\/wp\/v2\/media\/27074"}],"wp:attachment":[{"href":"https:\/\/teste.bsb.br\/zeca\/wp-json\/wp\/v2\/media?parent=27075"}],"wp:term":[{"taxonomy":"category","embeddable":true,"href":"https:\/\/teste.bsb.br\/zeca\/wp-json\/wp\/v2\/categories?post=27075"},{"taxonomy":"post_tag","embeddable":true,"href":"https:\/\/teste.bsb.br\/zeca\/wp-json\/wp\/v2\/tags?post=27075"}],"curies":[{"name":"wp","href":"https:\/\/api.w.org\/{rel}","templated":true}]}}