{"id":27067,"date":"2011-11-22T00:00:00","date_gmt":"2011-11-22T02:00:00","guid":{"rendered":"https:\/\/www.zecadirceu.com.br\/umuarama-vai-receber-evento-pioneiro-sobre-conservacao-do-meio-ambiente\/"},"modified":"2011-11-22T00:00:00","modified_gmt":"2011-11-22T02:00:00","slug":"umuarama-vai-receber-evento-pioneiro-sobre-conservacao-do-meio-ambiente","status":"publish","type":"post","link":"https:\/\/teste.bsb.br\/zeca\/umuarama-vai-receber-evento-pioneiro-sobre-conservacao-do-meio-ambiente\/","title":{"rendered":"Umuarama vai receber evento pioneiro sobre conserva\u00e7\u00e3o do meio ambiente"},"content":{"rendered":"<p>&nbsp;&nbsp;Umuarama ser&aacute; palco de uma iniciativa inovadora na conserva&ccedil;&atilde;o do meio ambiente. O 1&ordm; CARBONO ZERO &#8211; Campanha de Neutraliza&ccedil;&atilde;o de Emiss&otilde;es Veiculares por Cr&eacute;dito de Carbono de Umuarama, que ir&aacute; acontecer nos dias 25, 26 e 27 de novembro na Feira do Produtor.<\/p>\n<p class=\"MsoNormal\"><o:p><\/o:p><\/p>\n<p class=\"MsoNormal\">Objetivo &eacute; apresentar o Mercado de Carbono para a Regi&atilde;o Noroeste, como uma forma simples, barata e eficiente de contribuir para a conserva&ccedil;&atilde;o do meio ambiente. Na sexta-feira (25), o projeto ser&aacute; apresentado para lideran&ccedil;as, empres&aacute;rios e convidados no Sal&atilde;o de Festas do Spazio Hotel.<o:p><\/o:p><\/p>\n<p class=\"MsoNormal\">&ldquo;O Cr&eacute;dito de Carbono &eacute; um mecanismo de media&ccedil;&atilde;o. Seu funcionamento &eacute; simples. Ao adquirir um ve&iacute;culo ou um servi&ccedil;o veicular com Cr&eacute;dito de Carbono voc&ecirc; estar&aacute; colaborando para manter projetos de Conserva&ccedil;&atilde;o Ambiental. S&atilde;o projetos de incentivo &agrave; preserva&ccedil;&atilde;o das matas nativas, matas ciliares e reflorestamento, aqui mesmo na Regi&atilde;o Noroeste, beneficiando diretamente o produtor rural da nossa terra&rdquo;, explica o ambientalista Agnaldo Baraldi, que &eacute; um dos organizadores do evento.<o:p><\/o:p><\/p>\n<p class=\"MsoNormal\">Recentemente Baraldi participou do Semin&aacute;rio &ldquo;Paran&aacute; Emiss&atilde;o Zero&rdquo;, em Paranava&iacute;, onde foi apresentada uma proposta de se criar no Estado uma institui&ccedil;&atilde;o governamental respons&aacute;vel pela certifica&ccedil;&atilde;o de &aacute;reas de preserva&ccedil;&atilde;o. &ldquo;Assim, produtores rurais passam a ser remunerados por preservarem a natureza, por meio da venda desses certificados a entidades que necessitem neutralizar emiss&otilde;es de poluentes. Para que o Governo do Estado possa certificar a proposta e viabilizar a cria&ccedil;&atilde;o do &oacute;rg&atilde;o, &eacute; necess&aacute;rio que exista um mercado &ndash; ou seja, quem venda e quem compre o Cr&eacute;dito de Carbono. N&oacute;s estamos trabalhando para tornar esse mercado poss&iacute;vel e vi&aacute;vel&rdquo;, prossegue o ambientalista.<o:p><\/o:p><\/p>\n<p class=\"MsoNormal\">J&aacute; existe uma cooperativa organizada para atuar na regi&atilde;o, e os pioneiros contam com o apoio de &oacute;rg&atilde;os e empresas importantes, como Seab, Sanepar, IAP, Sindicatos Rurais, Emater, das Prefeituras da regi&atilde;o e do Pr&oacute;prio Governo do Estado do Paran&aacute;. <o:p><\/o:p><\/p>\n<p class=\"MsoNormal\">&ldquo;O Cr&eacute;dito de Carbono tamb&eacute;m funciona como uma moeda de troca, que pode ser investida na realiza&ccedil;&atilde;o de campanhas de conscientiza&ccedil;&atilde;o, eventos e a&ccedil;&otilde;es voltadas &agrave; Educa&ccedil;&atilde;o Ambiental, sempre com o apoio de &oacute;rg&atilde;os oficiais, como Sindicatos, Secretarias de Estado e Prefeituras, o que d&aacute; grande credibilidade &agrave; iniciativa&rdquo;, disse Baraldi, que convida toda a popula&ccedil;&atilde;o da regi&atilde;o para participar e saber mais sobre os Cr&eacute;ditos de Carbono.<o:p><\/o:p><\/p>\n<p class=\"MsoNormal\">&ldquo;Lideran&ccedil;as pol&iacute;ticas e sociais, estudantes de todas as &aacute;reas e todo mundo que se interessa e se preocupa com o Meio Ambiente, pode e deve participar. A entrada &eacute; gratuita e teremos diversos t&eacute;cnicos e ambientalistas preparados para tirar d&uacute;vidas e dar informa&ccedil;&otilde;es. Esse &eacute; um novo tempo, onde a sociedade como um todo deve estar alerta e pensando conjuntamente em solu&ccedil;&otilde;es vi&aacute;veis. O Cr&eacute;dito de Carbono n&atilde;o &eacute; mais um sonho, mas uma realidade latente que precisa ser incorporada por todos&rdquo;.<o:p><\/o:p><\/p>\n<p class=\"MsoNormal\">&nbsp;&nbsp;SERVI&Ccedil;O &#8211; Mais informa&ccedil;&otilde;es sobre o 1&ordm; CARBONO ZERO &#8211; Campanha de Neutraliza&ccedil;&atilde;o de Emiss&otilde;es Veiculares por Cr&eacute;dito de Carbono de Umuarama &ndash; pelo fone 44 8449 0019 ou pelo e-mail: <a href=\"mailto:agnaldo_baraldi@hotmail.com\">agnaldo_baraldi@hotmail.com<\/a><\/p>\n<p class=\"MsoNormal\">Assessoria<o:p><\/o:p><\/p>\n<p class=\"MsoNormal\">&nbsp;<o:p><\/o:p><\/p>\n<p class=\"MsoNormal\"><o:p>&nbsp;<\/o:p><\/p>\n","protected":false},"excerpt":{"rendered":"<p>Umuarama ser\u00e1 palco de uma iniciativa inovadora na conserva\u00e7\u00e3o do meio ambiente. O 1\u00ba CARBONO ZERO &#8211; Campanha de Neutraliza\u00e7\u00e3o de Emiss\u00f5es Veiculares por Cr\u00e9dito de Carbono de Umuarama, que ir\u00e1 acontecer nos dias 25, 26 e 27 de novembro na Feira do Produtor.<\/p>\n","protected":false},"author":1,"featured_media":27066,"comment_status":"open","ping_status":"open","sticky":false,"template":"","format":"standard","meta":{"footnotes":""},"categories":[1],"tags":[6260],"class_list":["post-27067","post","type-post","status-publish","format-standard","has-post-thumbnail","hentry","category-noticias-zeca-dirceu","tag-umuarama-vai-receber-evento-pioneiro-sobre-conservacao-do-meio-ambiente"],"_links":{"self":[{"href":"https:\/\/teste.bsb.br\/zeca\/wp-json\/wp\/v2\/posts\/27067","targetHints":{"allow":["GET"]}}],"collection":[{"href":"https:\/\/teste.bsb.br\/zeca\/wp-json\/wp\/v2\/posts"}],"about":[{"href":"https:\/\/teste.bsb.br\/zeca\/wp-json\/wp\/v2\/types\/post"}],"author":[{"embeddable":true,"href":"https:\/\/teste.bsb.br\/zeca\/wp-json\/wp\/v2\/users\/1"}],"replies":[{"embeddable":true,"href":"https:\/\/teste.bsb.br\/zeca\/wp-json\/wp\/v2\/comments?post=27067"}],"version-history":[{"count":0,"href":"https:\/\/teste.bsb.br\/zeca\/wp-json\/wp\/v2\/posts\/27067\/revisions"}],"wp:featuredmedia":[{"embeddable":true,"href":"https:\/\/teste.bsb.br\/zeca\/wp-json\/wp\/v2\/media\/27066"}],"wp:attachment":[{"href":"https:\/\/teste.bsb.br\/zeca\/wp-json\/wp\/v2\/media?parent=27067"}],"wp:term":[{"taxonomy":"category","embeddable":true,"href":"https:\/\/teste.bsb.br\/zeca\/wp-json\/wp\/v2\/categories?post=27067"},{"taxonomy":"post_tag","embeddable":true,"href":"https:\/\/teste.bsb.br\/zeca\/wp-json\/wp\/v2\/tags?post=27067"}],"curies":[{"name":"wp","href":"https:\/\/api.w.org\/{rel}","templated":true}]}}