{"id":27061,"date":"2011-11-22T00:00:00","date_gmt":"2011-11-22T02:00:00","guid":{"rendered":"https:\/\/www.zecadirceu.com.br\/supercreche-em-cruzeiro-do-oeste-e-realidade\/"},"modified":"2011-11-22T00:00:00","modified_gmt":"2011-11-22T02:00:00","slug":"supercreche-em-cruzeiro-do-oeste-e-realidade","status":"publish","type":"post","link":"https:\/\/teste.bsb.br\/zeca\/supercreche-em-cruzeiro-do-oeste-e-realidade\/","title":{"rendered":"Supercreche em Cruzeiro do Oeste \u00e9 realidade"},"content":{"rendered":"<p>&nbsp;Aprovada a Ordem de Pagamento para a constru&ccedil;&atilde;o da Supercreche em Cruzeiro do Oeste. O munic&iacute;pio que estava na expectativa desde maio, quando o empenho foi realizado pelo Governo Federal, recebeu neste in&iacute;cio de semana a boa not&iacute;cia. O deputado federal Zeca Dirceu, que cuidou das tratativas pol&iacute;ticas, comemorou a conquista junto com o prefeito Valtinho.<\/p>\n<p class=\"MsoNormal\">O custo total da obra est&aacute; or&ccedil;ado em R$1,21 milh&atilde;o. Nesta primeira etapa foram aprovados a ordem de R$ 607,70 mil para in&iacute;cio da constru&ccedil;&atilde;o, originado do Super Fundo Nacional de Desenvolvimento da Educa&ccedil;&atilde;o (FNDE), Programa ProInf&acirc;ncia. &nbsp;A partir da pr&oacute;xima semana ser&aacute; realizada a Ordem de Servi&ccedil;o para o in&iacute;cio das obras. A supercreche ser&aacute; constru&iacute;da no Jardim Brasil e atender&aacute;, de in&iacute;cio ,120 crian&ccedil;as com capacidade de atendimento de at&eacute; 224 crian&ccedil;as. O projeto j&aacute; est&aacute; aprovado e a empresa vencedora da licita&ccedil;&atilde;o &eacute; a V.W Constru&ccedil;&atilde;o Civil Ltda.<\/p>\n<p class=\"MsoNormal\">Para o prefeito de Cruzeiro do Oeste, Valter Rocha &ndash; Valtinho, a supercreche representa um grande avan&ccedil;o no cuidado com as novas gera&ccedil;&otilde;es. &ldquo;Esta &eacute; mais uma obra que reafirma nosso compromisso com a humaniza&ccedil;&atilde;o do atendimento &agrave;s crian&ccedil;as do nosso munic&iacute;pio&rdquo;, ressaltou o prefeito. <o:p><\/o:p><\/p>\n<p class=\"MsoNormal\">O deputado Zeca Dirceu destacou o valor da educa&ccedil;&atilde;o para o desenvolvimento da popula&ccedil;&atilde;o. &ldquo;Desde 2007 o ensino em Cruzeiro do Oeste &eacute; um exemplo para muitos munic&iacute;pios do estado, e envolve 70% das crian&ccedil;as em hor&aacute;rio integral. Com a supercreche o cuidado com educa&ccedil;&atilde;o, no munic&iacute;pio, chegar&aacute; nos primeiros anos de vida dos cruzeirodoestanos&rdquo;, definiu o parlamentar.<\/p>\n<p class=\"MsoNormal\">ProInf&acirc;ncia &#8211; O Programa Nacional de Reestrutura&ccedil;&atilde;o e Aquisi&ccedil;&atilde;o de Equipamentos para a Rede Escolar P&uacute;blica de Educa&ccedil;&atilde;o Infantil (ProInf&acirc;ncia), tem como principal objetivo prestar assist&ecirc;ncia financeira, em car&aacute;ter suplementar aos munic&iacute;pios que efetuaram o Termo de Ades&atilde;o ao Plano de Metas Compromisso Todos pela Educa&ccedil;&atilde;o e elaboraram o Plano de A&ccedil;&otilde;es Articuladas (PAR). Os recursos destinam-se &agrave; constru&ccedil;&atilde;o e aquisi&ccedil;&atilde;o de equipamentos e mobili&aacute;rio para creches e pr&eacute;-escolas p&uacute;blicas da educa&ccedil;&atilde;o infantil.<\/p>\n<p class=\"MsoNormal\"><o:p>&nbsp;<\/o:p><\/p>\n","protected":false},"excerpt":{"rendered":"<p>Aprovada a Ordem de Pagamento para a constru\u00e7\u00e3o da Supercreche em Cruzeiro do Oeste. O munic\u00edpio que estava na expectativa desde maio, quando o empenho foi realizado pelo Governo Federal, recebeu neste in\u00edcio de semana a boa not\u00edcia. O deputado federal Zeca Dirceu, que cuidou das tratativas pol\u00edticas, comemorou a conquista junto com o prefeito Valtinho.<\/p>\n","protected":false},"author":1,"featured_media":27060,"comment_status":"open","ping_status":"open","sticky":false,"template":"","format":"standard","meta":{"footnotes":""},"categories":[1],"tags":[6257],"class_list":["post-27061","post","type-post","status-publish","format-standard","has-post-thumbnail","hentry","category-noticias-zeca-dirceu","tag-supercreche-em-cruzeiro-do-oeste-e-realidade"],"_links":{"self":[{"href":"https:\/\/teste.bsb.br\/zeca\/wp-json\/wp\/v2\/posts\/27061","targetHints":{"allow":["GET"]}}],"collection":[{"href":"https:\/\/teste.bsb.br\/zeca\/wp-json\/wp\/v2\/posts"}],"about":[{"href":"https:\/\/teste.bsb.br\/zeca\/wp-json\/wp\/v2\/types\/post"}],"author":[{"embeddable":true,"href":"https:\/\/teste.bsb.br\/zeca\/wp-json\/wp\/v2\/users\/1"}],"replies":[{"embeddable":true,"href":"https:\/\/teste.bsb.br\/zeca\/wp-json\/wp\/v2\/comments?post=27061"}],"version-history":[{"count":0,"href":"https:\/\/teste.bsb.br\/zeca\/wp-json\/wp\/v2\/posts\/27061\/revisions"}],"wp:featuredmedia":[{"embeddable":true,"href":"https:\/\/teste.bsb.br\/zeca\/wp-json\/wp\/v2\/media\/27060"}],"wp:attachment":[{"href":"https:\/\/teste.bsb.br\/zeca\/wp-json\/wp\/v2\/media?parent=27061"}],"wp:term":[{"taxonomy":"category","embeddable":true,"href":"https:\/\/teste.bsb.br\/zeca\/wp-json\/wp\/v2\/categories?post=27061"},{"taxonomy":"post_tag","embeddable":true,"href":"https:\/\/teste.bsb.br\/zeca\/wp-json\/wp\/v2\/tags?post=27061"}],"curies":[{"name":"wp","href":"https:\/\/api.w.org\/{rel}","templated":true}]}}