{"id":27053,"date":"2011-11-22T00:00:00","date_gmt":"2011-11-22T02:00:00","guid":{"rendered":"https:\/\/www.zecadirceu.com.br\/zeca-dirceu-apresenta-investimentos-do-governo-federal-em-amapora\/"},"modified":"2011-11-22T00:00:00","modified_gmt":"2011-11-22T02:00:00","slug":"zeca-dirceu-apresenta-investimentos-do-governo-federal-em-amapora","status":"publish","type":"post","link":"https:\/\/teste.bsb.br\/zeca\/zeca-dirceu-apresenta-investimentos-do-governo-federal-em-amapora\/","title":{"rendered":"Zeca Dirceu apresenta investimentos do Governo Federal em Amapor\u00e3"},"content":{"rendered":"<p>&nbsp;Em visita ao munic&iacute;pio de Amapor&atilde;, na &uacute;ltima sexta-feira, o deputado federal Zeca Dirceu (PT-PR) se reuniu com dezenas de lideran&ccedil;as locais para apresentar um balan&ccedil;o dos investimentos que o Governo Federal vem direcionando para a cidade. Recebido pelo prefeito petista Mauro Lemos, Zeca conversou com a popula&ccedil;&atilde;o por cerca de uma hora.<\/p>\n<p class=\"MsoNormal\"><o:p><\/o:p><\/p>\n<p class=\"MsoNormal\">&ldquo;Temos feito um mandato com transpar&ecirc;ncia e participa&ccedil;&atilde;o popular, mas tamb&eacute;m com resultados, porque as pessoas querem ver de fato suas necessidades atendidas e se tornarem a&ccedil;&otilde;es pr&aacute;ticas, concretas, reais e verdadeiras&rdquo;, disse o parlamentar, que &eacute; vice-l&iacute;der da bancada petista na C&acirc;mara dos Deputados.<o:p><\/o:p><\/p>\n<p class=\"MsoNormal\">Dentre as a&ccedil;&otilde;es concretas em benef&iacute;cio de Amapor&atilde;, Zeca citou recursos para o portal de entrada do munic&iacute;pio, para constru&ccedil;&atilde;o de 30 unidades habitacionais do programa Minha Casa Minha Vida, para recapeamento de vias urbanas, para revitaliza&ccedil;&atilde;o da avenida principal e dos canteiros e para a constru&ccedil;&atilde;o de uma Academia da Sa&uacute;de.<o:p><\/o:p><\/p>\n<p class=\"MsoNormal\">O deputado falou ainda sobre as emendas a que o munic&iacute;pio ter&aacute; direito em 2012. Al&eacute;m da emenda individual de Zeca, que contemplar&aacute; a cidade com uma patrulha mecanizada para os assentamentos rurais, no valor de R$ 200 mil, Amapor&atilde; ter&aacute; direito a apresentar uma Emenda de Iniciativa Popular, no valor de R$ 400 mil. A destina&ccedil;&atilde;o desta emenda ser&aacute; decidida em audi&ecirc;ncia p&uacute;blica.<o:p><\/o:p><\/p>\n<p class=\"MsoNormal\">&ldquo;O Zeca est&aacute; respondendo &agrave; altura da confian&ccedil;a que depositamos nele, fazendo tudo que pode para atender bem o nosso munic&iacute;pio&rdquo;, disse o prefeito Mauro Lemos. Ele destacou a realiza&ccedil;&atilde;o da caravana de prefeitos a Bras&iacute;lia, no m&ecirc;s de agosto, que permitiu aos munic&iacute;pios conhecer em detalhes a infraestrutura e o funcionamento dos minist&eacute;rios.<o:p><\/o:p><\/p>\n<p class=\"MsoNormal\">&ldquo;A influ&ecirc;ncia que o Zeca tem em Bras&iacute;lia, e a vontade de trabalhar pelo bem dos munic&iacute;pios, mostram que a gente acertou, e que Amapor&atilde; est&aacute; muito bem representada na C&acirc;mara dos Deputados&rdquo;, acrescentou o prefeito.<o:p><\/o:p><\/p>\n<p class=\"MsoNormal\">Estiveram presentes na reuni&atilde;o de Amapor&atilde; diversos vereadores, secret&aacute;rios municipais e lideran&ccedil;as partid&aacute;rias. Tamb&eacute;m compareceram ao encontro, realizado na C&acirc;mara Municipal, v&aacute;rios pr&eacute;-candidatos a vereador pelo PT. &ldquo;&Eacute; muito bom ver que o PT j&aacute; est&aacute; mobilizado e trabalhando para garantir forte representa&ccedil;&atilde;o na C&acirc;mara de Vereadores de Amapor&atilde;&rdquo;, concluiu Zeca Dirceu.<o:p><\/o:p><\/p>\n","protected":false},"excerpt":{"rendered":"<p>Em visita ao munic\u00edpio de Amapor\u00e3, na \u00faltima sexta-feira, o deputado federal Zeca Dirceu (PT-PR) se reuniu com dezenas de lideran\u00e7as locais para apresentar um balan\u00e7o dos investimentos que o Governo Federal vem direcionando para a cidade. Recebido pelo prefeito petista Mauro Lemos, Zeca conversou com a popula\u00e7\u00e3o por cerca de uma hora.<\/p>\n","protected":false},"author":1,"featured_media":27052,"comment_status":"open","ping_status":"open","sticky":false,"template":"","format":"standard","meta":{"footnotes":""},"categories":[1],"tags":[6255],"class_list":["post-27053","post","type-post","status-publish","format-standard","has-post-thumbnail","hentry","category-noticias-zeca-dirceu","tag-zeca-dirceu-apresenta-investimentos-do-governo-federal-em-amapora"],"_links":{"self":[{"href":"https:\/\/teste.bsb.br\/zeca\/wp-json\/wp\/v2\/posts\/27053","targetHints":{"allow":["GET"]}}],"collection":[{"href":"https:\/\/teste.bsb.br\/zeca\/wp-json\/wp\/v2\/posts"}],"about":[{"href":"https:\/\/teste.bsb.br\/zeca\/wp-json\/wp\/v2\/types\/post"}],"author":[{"embeddable":true,"href":"https:\/\/teste.bsb.br\/zeca\/wp-json\/wp\/v2\/users\/1"}],"replies":[{"embeddable":true,"href":"https:\/\/teste.bsb.br\/zeca\/wp-json\/wp\/v2\/comments?post=27053"}],"version-history":[{"count":0,"href":"https:\/\/teste.bsb.br\/zeca\/wp-json\/wp\/v2\/posts\/27053\/revisions"}],"wp:featuredmedia":[{"embeddable":true,"href":"https:\/\/teste.bsb.br\/zeca\/wp-json\/wp\/v2\/media\/27052"}],"wp:attachment":[{"href":"https:\/\/teste.bsb.br\/zeca\/wp-json\/wp\/v2\/media?parent=27053"}],"wp:term":[{"taxonomy":"category","embeddable":true,"href":"https:\/\/teste.bsb.br\/zeca\/wp-json\/wp\/v2\/categories?post=27053"},{"taxonomy":"post_tag","embeddable":true,"href":"https:\/\/teste.bsb.br\/zeca\/wp-json\/wp\/v2\/tags?post=27053"}],"curies":[{"name":"wp","href":"https:\/\/api.w.org\/{rel}","templated":true}]}}