{"id":27039,"date":"2011-11-23T00:00:00","date_gmt":"2011-11-23T02:00:00","guid":{"rendered":"https:\/\/www.zecadirceu.com.br\/as-devidas-correcoes-a-fala-de-um-ex-presidente\/"},"modified":"2011-11-23T00:00:00","modified_gmt":"2011-11-23T02:00:00","slug":"as-devidas-correcoes-a-fala-de-um-ex-presidente","status":"publish","type":"post","link":"https:\/\/teste.bsb.br\/zeca\/as-devidas-correcoes-a-fala-de-um-ex-presidente\/","title":{"rendered":"As devidas corre\u00e7\u00f5es \u00e0 fala de um ex-presidente"},"content":{"rendered":"<p>&nbsp;<span class=\"Apple-style-span\" style=\"color: rgb(65, 65, 66); font-family: arial; \">Falou demais e fez mal o ex-presidente Fernando Henrique Cardoso ao generalizar acusa&ccedil;&otilde;es a ONGs, ontem, em seu pronunciamento no 3&ordm; Congresso Brasileiro de Funda&ccedil;&otilde;es e Entidades de Interesse Social, no Memorial da Am&eacute;rica Latina, na capital paulista.<\/span><br style=\"color: rgb(65, 65, 66); font-family: arial; \" \/><br \/>\n<br style=\"color: rgb(65, 65, 66); font-family: arial; \" \/><br \/>\n<span class=\"Apple-style-span\" style=\"color: rgb(65, 65, 66); font-family: arial; \">O ex-presidente falou sobre o papel do 3&ordm; setor no Pa&iacute;s, quando criticou a rela&ccedil;&atilde;o governo e ONGs hoje e considerou que a vis&atilde;o correta de organiza&ccedil;&atilde;o social &quot;&eacute; oposta a que est&aacute; t&atilde;o em moda, a&iacute;, de ONGs que pegam dinheiro para corrup&ccedil;&atilde;o&quot;. Advertiu sobre a &quot;rela&ccedil;&atilde;o delicada&quot; que pode surgir de ONGs ligadas a partidos, acentuando ser necess&aacute;rio&nbsp; &quot;muito cuidado para que elas n&atilde;o sejam apenas uma extens&atilde;o do partido&quot;.<\/span><br style=\"color: rgb(65, 65, 66); font-family: arial; \" \/><br \/>\n<br style=\"color: rgb(65, 65, 66); font-family: arial; \" \/><br \/>\n<span class=\"Apple-style-span\" style=\"color: rgb(65, 65, 66); font-family: arial; \">Fez bem o ministro-secret&aacute;rio-geral da Presid&ecirc;ncia da Rep&uacute;blica, Gilberto Carvalho, em corrigir a generaliza&ccedil;&atilde;o do ex-presidente. At&eacute; porque estas m&aacute;ximas externadas por FHC, se dirigidas ao seu partido, o PSDB, os tucanos ficariam muito mal.<\/span><strong style=\"color: rgb(65, 65, 66); font-family: arial; \"><\/p>\n<p>Fala de FHC se aplica ao seu PSDB que vende emendas<\/strong><br style=\"color: rgb(65, 65, 66); font-family: arial; \" \/><br \/>\n<br style=\"color: rgb(65, 65, 66); font-family: arial; \" \/><br \/>\n<span class=\"Apple-style-span\" style=\"color: rgb(65, 65, 66); font-family: arial; \">O fato &eacute; que elas se encaixam como uma luva, poderiam ser aplicadas ao esc&acirc;ndalo da venda de emendas parlamentares por deputados tucanos e dos partidos da base que apoiam o governo do PSDB em S&atilde;o Paulo.<\/span><br style=\"color: rgb(65, 65, 66); font-family: arial; \" \/><br \/>\n<br style=\"color: rgb(65, 65, 66); font-family: arial; \" \/><br \/>\n<span class=\"Apple-style-span\" style=\"color: rgb(65, 65, 66); font-family: arial; \">O ex-presidente se esqueceu, mas nunca &eacute; demais lembrar que o Estado de S&atilde;o Paulo &eacute; governado h&aacute; 20 anos pelos tucanos. Sempre acompanhados em suas administra&ccedil;&otilde;es por graves den&uacute;ncias de corrup&ccedil;&atilde;o, licita&ccedil;&otilde;es e concorr&ecirc;ncias p&uacute;blicas dirigidas &#8211; h&aacute; um caso, ainda, agora, envolvendo o metr&ocirc; paulistano &#8211; pagamento de propinas e comiss&otilde;es, e forma&ccedil;&atilde;o de Caixa Dois.<\/span><br style=\"color: rgb(65, 65, 66); font-family: arial; \" \/><br \/>\n<br style=\"color: rgb(65, 65, 66); font-family: arial; \" \/><br \/>\n<span class=\"Apple-style-span\" style=\"color: rgb(65, 65, 66); font-family: arial; \">Muito pertinentes, portanto, os reparos do ministro Gilberto Carvalho ao deixar claro que o governo rejeita &quot;o perigoso processo de criminaliza&ccedil;&atilde;o&quot; de todo um setor por causa de erros cometidos por uma minoria. &quot;Entendo a fala do (ex) presidente porque, de fato, houve incid&ecirc;ncia de problemas. Mas essas incid&ecirc;ncias n&oacute;s acreditamos que sejam exce&ccedil;&otilde;es e est&atilde;o recebendo o devido combate&quot;, destacou.<\/span><br style=\"color: rgb(65, 65, 66); font-family: arial; \" \/><br \/>\n<br style=\"color: rgb(65, 65, 66); font-family: arial; \" \/><br \/>\n<strong style=\"color: rgb(65, 65, 66); font-family: arial; \">As solu&ccedil;&otilde;es para o problema da rela&ccedil;&atilde;o ONGs-governo<\/strong><br style=\"color: rgb(65, 65, 66); font-family: arial; \" \/><br \/>\n<br style=\"color: rgb(65, 65, 66); font-family: arial; \" \/><br \/>\n<span class=\"Apple-style-span\" style=\"color: rgb(65, 65, 66); font-family: arial; \">As solu&ccedil;&otilde;es para o problema, que realmente &eacute; s&eacute;rio como deixam antever os pronunciamentos do Gilberto e do ex-presidente, passam por dois caminhos. Segundo adiantou o ministro, o primeiro &eacute; a conclus&atilde;o, dentro de 90 dias, do marco regulat&oacute;rio da &aacute;rea, j&aacute; determinada pela presidenta Dilma Rousseff; o segundo, a necess&aacute;ria altera&ccedil;&atilde;o da atual Lei de Doa&ccedil;&otilde;es ao 3&ordm; setor.<\/span><br style=\"color: rgb(65, 65, 66); font-family: arial; \" \/><br \/>\n<br style=\"color: rgb(65, 65, 66); font-family: arial; \" \/><br \/>\n<span class=\"Apple-style-span\" style=\"color: rgb(65, 65, 66); font-family: arial; \">A Lei n&atilde;o pode continuar a ensejar absurdos como o citado pelo ministro, do escritor Raduan Nassar, que doou uma fazenda para pesquisas de uma universidade &quot;e, na transfer&ecirc;ncia, teve de pagar R$ 400 mil de imposto&quot;. Tem toda raz&atilde;o o Gilberto quando afirma que a remo&ccedil;&atilde;o desse tipo de exig&ecirc;ncia pode &quot;estimular o exerc&iacute;cio de responsabilidade social de empresas e pessoas f&iacute;sicas&quot;.<\/span><br style=\"color: rgb(65, 65, 66); font-family: arial; \" \/><br \/>\n<br style=\"color: rgb(65, 65, 66); font-family: arial; \" \/><br \/>\n<span class=\"Apple-style-span\" style=\"color: rgb(65, 65, 66); font-family: arial; \">J&aacute; que discutimos marco regulat&oacute;rio e revis&atilde;o da Lei de Doa&ccedil;&otilde;es, entendo que o melhor &eacute; rever toda a sistem&aacute;tica de conv&ecirc;nios e patroc&iacute;nios, toda a legisla&ccedil;&atilde;o a respeito e aumentar os controles sobre as ONGs e cong&ecirc;neres que j&aacute; s&atilde;o muitos, mas sempre podem melhorar.<\/span><br style=\"color: rgb(65, 65, 66); font-family: arial; \" \/><br \/>\n<br style=\"color: rgb(65, 65, 66); font-family: arial; \" \/><br \/>\n<strong style=\"color: rgb(65, 65, 66); font-family: arial; \">Privatiza&ccedil;&atilde;o da rede p&uacute;blica de sa&uacute;de<\/strong><br style=\"color: rgb(65, 65, 66); font-family: arial; \" \/><br \/>\n<br style=\"color: rgb(65, 65, 66); font-family: arial; \" \/><br \/>\n<span class=\"Apple-style-span\" style=\"color: rgb(65, 65, 66); font-family: arial; \">Sem esquecer que a mudan&ccedil;a deve aperfei&ccedil;oar, inclusive, e principalmente, o controle de Organiza&ccedil;&otilde;es Sociais de Sa&uacute;de (OSSs) e Organiza&ccedil;&otilde;es da Sociedade Civil de Interesse P&uacute;blico (OSCIPs), &agrave;s quais os governos tucanos de S&atilde;o Paulo j&aacute; entregaram mais de 60 hospitais no desmonte que promovem no setor, na privatiza&ccedil;&atilde;o da rede p&uacute;blica de sa&uacute;de do Estado.<\/p>\n<p>Blog do Z&eacute; Dirceu<br type=\"_moz\" \/><br \/>\n<\/span><\/p>\n","protected":false},"excerpt":{"rendered":"<p>Falou demais e fez mal o ex-presidente Fernando Henrique Cardoso ao generalizar acusa\u00e7\u00f5es a ONGs, ontem, em seu pronunciamento no 3\u00ba Congresso Brasileiro de Funda\u00e7\u00f5es e Entidades de Interesse Social, no Memorial da Am\u00e9rica Latina, na capital paulista.<\/p>\n","protected":false},"author":1,"featured_media":27038,"comment_status":"open","ping_status":"open","sticky":false,"template":"","format":"standard","meta":{"footnotes":""},"categories":[1],"tags":[6244],"class_list":["post-27039","post","type-post","status-publish","format-standard","has-post-thumbnail","hentry","category-noticias-zeca-dirceu","tag-as-devidas-correcoes-a-fala-de-um-ex-presidente"],"_links":{"self":[{"href":"https:\/\/teste.bsb.br\/zeca\/wp-json\/wp\/v2\/posts\/27039","targetHints":{"allow":["GET"]}}],"collection":[{"href":"https:\/\/teste.bsb.br\/zeca\/wp-json\/wp\/v2\/posts"}],"about":[{"href":"https:\/\/teste.bsb.br\/zeca\/wp-json\/wp\/v2\/types\/post"}],"author":[{"embeddable":true,"href":"https:\/\/teste.bsb.br\/zeca\/wp-json\/wp\/v2\/users\/1"}],"replies":[{"embeddable":true,"href":"https:\/\/teste.bsb.br\/zeca\/wp-json\/wp\/v2\/comments?post=27039"}],"version-history":[{"count":0,"href":"https:\/\/teste.bsb.br\/zeca\/wp-json\/wp\/v2\/posts\/27039\/revisions"}],"wp:featuredmedia":[{"embeddable":true,"href":"https:\/\/teste.bsb.br\/zeca\/wp-json\/wp\/v2\/media\/27038"}],"wp:attachment":[{"href":"https:\/\/teste.bsb.br\/zeca\/wp-json\/wp\/v2\/media?parent=27039"}],"wp:term":[{"taxonomy":"category","embeddable":true,"href":"https:\/\/teste.bsb.br\/zeca\/wp-json\/wp\/v2\/categories?post=27039"},{"taxonomy":"post_tag","embeddable":true,"href":"https:\/\/teste.bsb.br\/zeca\/wp-json\/wp\/v2\/tags?post=27039"}],"curies":[{"name":"wp","href":"https:\/\/api.w.org\/{rel}","templated":true}]}}