{"id":27023,"date":"2011-11-24T00:00:00","date_gmt":"2011-11-24T02:00:00","guid":{"rendered":"https:\/\/www.zecadirceu.com.br\/cuidados-com-o-setor-textil-nas-definicoes-da-mp540\/"},"modified":"2011-11-24T00:00:00","modified_gmt":"2011-11-24T02:00:00","slug":"cuidados-com-o-setor-textil-nas-definicoes-da-mp540","status":"publish","type":"post","link":"https:\/\/teste.bsb.br\/zeca\/cuidados-com-o-setor-textil-nas-definicoes-da-mp540\/","title":{"rendered":"Cuidados com o setor t\u00eaxtil nas defini\u00e7\u00f5es da MP540"},"content":{"rendered":"<p class=\"MsoNormal\" style=\"text-align:justify\">Nesta semana, junto com a Frente Parlamentar da Ind&uacute;stria T&ecirc;xtil, onde sou vice-coordenador, foi realizada uma reuni&atilde;o com o secret&aacute;rio de pol&iacute;tica econ&ocirc;mica do Minist&eacute;rio da Fazenda, M&aacute;rcio Roland, onde foram apresentados os anseios e necessidades do setor t&ecirc;xtil, no que se refere &agrave; tributa&ccedil;&atilde;o, a fim de buscar solu&ccedil;&otilde;es.<\/p>\n<p class=\"MsoNormal\" style=\"text-align:justify\">Mais uma vez, deixamos claro o sentimento que h&aacute; no setor de confec&ccedil;&atilde;o do pa&iacute;s, de insatisfa&ccedil;&atilde;o no movimento que houve sobre a desonera&ccedil;&atilde;o da folha de pagamento. Movimento este, que est&aacute; muito correto, no seu caminho, na sua inten&ccedil;&atilde;o, mas que pecou um pouco quando zerou a al&iacute;quota de 20% do INSS. Isso estabeleceu uma al&iacute;quota de 1,5% no faturamento. Por mais que grande parte das empresas do setor de confec&ccedil;&atilde;o tenha sido beneficiada, uma parcela expressiva delas, pela sua caracter&iacute;stica de produ&ccedil;&atilde;o ou por terem terceirizado sua linha de produ&ccedil;&atilde;o, acabaram tendo preju&iacute;zo no momento da medida. E n&oacute;s, da Frente Parlamentar, queremos que todas sejam beneficiadas, com a medida do Plano Brasil Maior.<\/p>\n<p class=\"MsoNormal\" style=\"text-align:justify\">O Governo ter criado o Comit&ecirc; de Competitividade do setor, que articula uma s&eacute;rie de medidas, atrav&eacute;s de di&aacute;logos permanentes com as entidades representativas do setor t&ecirc;xtil e de confec&ccedil;&atilde;o, &eacute; um grande passo. Destas articula&ccedil;&otilde;es surgiram v&aacute;rias linhas de financiamento como o BNDES Progeren (Programa BNDES de Apoio ao Fortalecimento da Capacidade de Gera&ccedil;&atilde;o de Emprego e Renda) que est&aacute;, pela primeira vez na hist&oacute;rica, disponibilizando capital de giro, atrav&eacute;s do BNDES.<\/p>\n<p class=\"MsoNormal\" style=\"text-align:justify\">Um exemplo foi o volume dispon&iacute;vel para empr&eacute;stimos que saltou de R$ 3,4 bilh&otilde;es para R$ 10,4 bilh&otilde;es. A taxa de juros hoje est&aacute; entre 10 e 13% ao ano, com prorroga&ccedil;&atilde;o de prazo de pagamento de 36 meses. Outra medida vem do Programa Reintegra (Brasil Maior), que est&aacute; possibilitando, para quem exporta produto t&ecirc;xtil de confec&ccedil;&atilde;o, um benef&iacute;cio de R$ 3,00 a cada R$100,00 exportados. Al&eacute;m disso, o pr&oacute;prio BNDES Inova&ccedil;&atilde;o est&aacute; beneficiando e setor t&ecirc;xtil com linhas de financiamento para processos de inova&ccedil;&atilde;o, dentro do setor fabril de cada empresa, com juros 4% ao ano.<\/p>\n<p class=\"MsoNormal\" style=\"text-align:justify\">Estas s&atilde;o algumas das medidas positivas que est&atilde;o sendo adotada e fizemos quest&atilde;o de, atrav&eacute;s da Frente Parlamentar da Ind&uacute;stria T&ecirc;xtil, agradecer e reconhecer as medidas adotadas pelo Governo Federal.<\/p>\n<p class=\"MsoNormal\" style=\"text-align:justify\">Outras medidas que merecem destaque s&atilde;o as de defesa comercial, os resultados s&atilde;o bastante expressivos e a confec&ccedil;&atilde;o est&aacute; sendo bastante beneficiada. Um exemplo: o Brasil conseguiu sete autoriza&ccedil;&otilde;es de medidas <i>antidump, <\/i>favorecendo o setor t&ecirc;xtil, que tem o segundo maior n&uacute;mero de medidas <i>antidump<\/i> consolidadas no pa&iacute;s. Com isso, o Brasil est&aacute; se protegendo dos produtos importados com mecanismos inadequados e irregulares.<\/p>\n<p class=\"MsoNormal\" style=\"text-align:justify\">O Minist&eacute;rio de Ind&uacute;stria e Com&eacute;rcio trabalha para o n&atilde;o licenciamento autom&aacute;tico de produtos importados, atrav&eacute;s de um conv&ecirc;nio com o Inmetro. Est&aacute; havendo um maior rigor das an&aacute;lises de qualidade e especifica&ccedil;&otilde;es do produto importado, atrav&eacute;s da Receita Federal e Inmetro.<\/p>\n<p class=\"MsoNormal\" style=\"text-align:justify\">&nbsp;H&aacute; uma s&eacute;rie de medidas, uma s&eacute;rie de avan&ccedil;os que j&aacute; est&atilde;o dando certo e outras que ganham aperfei&ccedil;oamento, para que todas as empresas de confec&ccedil;&atilde;o sejam beneficiadas.<\/p>\n<p class=\"MsoNormal\" style=\"text-align:justify\">&nbsp;A discuss&atilde;o n&atilde;o termina aqui, a MP 540, que trata desse assunto, vai ser votada ainda no Senado e &eacute; passiva de emenda. N&oacute;s estaremos voltando na semana que vem no Minist&eacute;rio, para uma reuni&atilde;o especificamente sobre as quest&otilde;es tribut&aacute;rias, e at&eacute; o fim do ano outra j&aacute; est&aacute; marcada com a Frente Parlamentar e com todo o setor.<\/p>\n<p class=\"MsoNormal\" style=\"text-align:justify\">&nbsp;<\/p>\n","protected":false},"excerpt":{"rendered":"<p>Nesta semana, junto com a Frente Parlamentar da Ind\u00fastria T\u00eaxtil, onde sou vice-coordenador, foi realizada uma reuni\u00e3o com o secret\u00e1rio de pol\u00edtica econ\u00f4mica do Minist\u00e9rio da Fazenda, M\u00e1rcio Roland, onde foram apresentados os anseios e necessidades do setor t\u00eaxtil, no que se refere \u00e0 tributa\u00e7\u00e3o, a fim de buscar solu\u00e7\u00f5es.<\/p>\n","protected":false},"author":1,"featured_media":27022,"comment_status":"open","ping_status":"open","sticky":false,"template":"","format":"standard","meta":{"footnotes":""},"categories":[1],"tags":[6236],"class_list":["post-27023","post","type-post","status-publish","format-standard","has-post-thumbnail","hentry","category-noticias-zeca-dirceu","tag-cuidados-com-o-setor-textil-nas-definicoes-da-mp540"],"_links":{"self":[{"href":"https:\/\/teste.bsb.br\/zeca\/wp-json\/wp\/v2\/posts\/27023","targetHints":{"allow":["GET"]}}],"collection":[{"href":"https:\/\/teste.bsb.br\/zeca\/wp-json\/wp\/v2\/posts"}],"about":[{"href":"https:\/\/teste.bsb.br\/zeca\/wp-json\/wp\/v2\/types\/post"}],"author":[{"embeddable":true,"href":"https:\/\/teste.bsb.br\/zeca\/wp-json\/wp\/v2\/users\/1"}],"replies":[{"embeddable":true,"href":"https:\/\/teste.bsb.br\/zeca\/wp-json\/wp\/v2\/comments?post=27023"}],"version-history":[{"count":0,"href":"https:\/\/teste.bsb.br\/zeca\/wp-json\/wp\/v2\/posts\/27023\/revisions"}],"wp:featuredmedia":[{"embeddable":true,"href":"https:\/\/teste.bsb.br\/zeca\/wp-json\/wp\/v2\/media\/27022"}],"wp:attachment":[{"href":"https:\/\/teste.bsb.br\/zeca\/wp-json\/wp\/v2\/media?parent=27023"}],"wp:term":[{"taxonomy":"category","embeddable":true,"href":"https:\/\/teste.bsb.br\/zeca\/wp-json\/wp\/v2\/categories?post=27023"},{"taxonomy":"post_tag","embeddable":true,"href":"https:\/\/teste.bsb.br\/zeca\/wp-json\/wp\/v2\/tags?post=27023"}],"curies":[{"name":"wp","href":"https:\/\/api.w.org\/{rel}","templated":true}]}}