{"id":27021,"date":"2011-11-24T00:00:00","date_gmt":"2011-11-24T02:00:00","guid":{"rendered":"https:\/\/www.zecadirceu.com.br\/1o-cafezal-rodeio-show\/"},"modified":"2011-11-24T00:00:00","modified_gmt":"2011-11-24T02:00:00","slug":"1o-cafezal-rodeio-show","status":"publish","type":"post","link":"https:\/\/teste.bsb.br\/zeca\/1o-cafezal-rodeio-show\/","title":{"rendered":"1\u00ba Cafezal Rodeio Show"},"content":{"rendered":"<p>&nbsp;<span class=\"Apple-style-span\" style=\"color: rgb(51, 51, 51); font-family: Tahoma, Geneva, sans-serif; font-size: 11px; line-height: 11px; \">O prefeito de Cafezal do Sul, Marco Ant&ocirc;nio Bog&aacute;s de Oliveira convida toda a regi&atilde;o para prestigiar o 1&ordm; Cafezal Rodeio Show. O evento acontecer&aacute; nos dias 02, 03 e 04 de dezembro com diversas atra&ccedil;&otilde;es. No primeiro dia ser&aacute; realizada a abertura do rodeio com show da dupla Bato e Fernando.<\/span><br \/>\n<br style=\"margin-top: 0px; margin-right: 0px; margin-bottom: 0px; margin-left: 0px; padding-top: 0px; padding-right: 0px; padding-bottom: 0px; padding-left: 0px; color: rgb(51, 51, 51); font-family: Tahoma, Geneva, sans-serif; font-size: 11px; line-height: 11px; text-align: justify; \" \/><\/p>\n<p style=\"margin-top: 0px; margin-right: 0px; margin-bottom: 0px; margin-left: 0px; padding-top: 0px; padding-right: 0px; padding-bottom: 0px; padding-left: 0px; border-top-width: 0px; border-right-width: 0px; border-bottom-width: 0px; border-left-width: 0px; border-style: initial; border-color: initial; outline-width: 0px; outline-style: initial; outline-color: initial; font-size: 11px; vertical-align: baseline; background-image: initial; background-attachment: initial; background-origin: initial; background-clip: initial; background-color: transparent; color: rgb(51, 51, 51); font-family: Tahoma, Geneva, sans-serif; line-height: 11px; text-align: justify; \">No dia 03 o rodeio continua e como atra&ccedil;&atilde;o tem apresenta&ccedil;&atilde;o de Jota e Murilo. Para finalizar, no dia 04 acontece o encerramento do rodeio e show com Jo&atilde;o Pedro e Rodrigo. A Banda Cowboys da Am&eacute;rica far&aacute; a anima&ccedil;&atilde;o do p&uacute;blico todas as noites. Prestigie.<\/p>\n<p>Tribuna hoje<\/p>\n","protected":false},"excerpt":{"rendered":"<p>O prefeito de Cafezal do Sul, Marco Ant\u00f4nio Bog\u00e1s de Oliveira convida toda a regi\u00e3o para prestigiar o 1\u00ba Cafezal Rodeio Show. O evento acontecer\u00e1 nos dias 02, 03 e 04 de dezembro com diversas atra\u00e7\u00f5es. No primeiro dia ser\u00e1 realizada a abertura do rodeio com show da dupla Bato e Fernando.<\/p>\n","protected":false},"author":1,"featured_media":27020,"comment_status":"open","ping_status":"open","sticky":false,"template":"","format":"standard","meta":{"footnotes":""},"categories":[1],"tags":[6235],"class_list":["post-27021","post","type-post","status-publish","format-standard","has-post-thumbnail","hentry","category-noticias-zeca-dirceu","tag-1o-cafezal-rodeio-show"],"_links":{"self":[{"href":"https:\/\/teste.bsb.br\/zeca\/wp-json\/wp\/v2\/posts\/27021","targetHints":{"allow":["GET"]}}],"collection":[{"href":"https:\/\/teste.bsb.br\/zeca\/wp-json\/wp\/v2\/posts"}],"about":[{"href":"https:\/\/teste.bsb.br\/zeca\/wp-json\/wp\/v2\/types\/post"}],"author":[{"embeddable":true,"href":"https:\/\/teste.bsb.br\/zeca\/wp-json\/wp\/v2\/users\/1"}],"replies":[{"embeddable":true,"href":"https:\/\/teste.bsb.br\/zeca\/wp-json\/wp\/v2\/comments?post=27021"}],"version-history":[{"count":0,"href":"https:\/\/teste.bsb.br\/zeca\/wp-json\/wp\/v2\/posts\/27021\/revisions"}],"wp:featuredmedia":[{"embeddable":true,"href":"https:\/\/teste.bsb.br\/zeca\/wp-json\/wp\/v2\/media\/27020"}],"wp:attachment":[{"href":"https:\/\/teste.bsb.br\/zeca\/wp-json\/wp\/v2\/media?parent=27021"}],"wp:term":[{"taxonomy":"category","embeddable":true,"href":"https:\/\/teste.bsb.br\/zeca\/wp-json\/wp\/v2\/categories?post=27021"},{"taxonomy":"post_tag","embeddable":true,"href":"https:\/\/teste.bsb.br\/zeca\/wp-json\/wp\/v2\/tags?post=27021"}],"curies":[{"name":"wp","href":"https:\/\/api.w.org\/{rel}","templated":true}]}}