{"id":27019,"date":"2011-11-24T00:00:00","date_gmt":"2011-11-24T02:00:00","guid":{"rendered":"https:\/\/www.zecadirceu.com.br\/o-valor-do-novo-minimo\/"},"modified":"2011-11-24T00:00:00","modified_gmt":"2011-11-24T02:00:00","slug":"o-valor-do-novo-minimo","status":"publish","type":"post","link":"https:\/\/teste.bsb.br\/zeca\/o-valor-do-novo-minimo\/","title":{"rendered":"O valor do novo M\u00ednimo"},"content":{"rendered":"<p>&nbsp;O Minist&eacute;rio do Planejamento enviou para o Congresso Nacional, nesta semana, o novo valor do sal&aacute;rio m&iacute;nimo para 2012. Elevando-o de R$ 619,21 para R$622,73. O deputado Zeca Dirceu falou da import&acirc;ncia deste reajuste, que cumpre o acordo de aumento anual do sal&aacute;rio m&iacute;nimo, de uma pol&iacute;tica adotada ainda no Governo do presidente Lula, e que se soma ao Governo da presidenta Dilma Rousseff, mesmo com a crise mundial.<\/p>\n<p class=\"MsoNormal\">O reajuste do sal&aacute;rio m&iacute;nimo leva em considera&ccedil;&atilde;o a varia&ccedil;&atilde;o do PIB (Produto Interno Bruto) com algum acr&eacute;scimo, ou seja, a presidenta cumpre uma pol&iacute;tica, que vem desde o Governo do presidente Lula, que &eacute; a de aumentar o poder de compra e de renda do trabalhador. &nbsp;&ldquo;Aumentando o poder de compra e renda do trabalhador brasileiro o pa&iacute;s gera empregos. Isso afeta n&atilde;o s&oacute; a vida de quem ganha o sal&aacute;rio m&iacute;nimo, mas todos que tem seu or&ccedil;amento baseado nele&rdquo;, explicou o deputado Zeca.<\/p>\n<p class=\"MsoNormal\">Ou&ccedil;a a reportagem na &iacute;ntegra.<\/p>\n","protected":false},"excerpt":{"rendered":"<p>O Minist\u00e9rio do Planejamento enviou para o Congresso Nacional, nesta semana, o novo valor do sal\u00e1rio m\u00ednimo para 2012. Elevando-o de R$ 619,21 para R$622,73. O deputado Zeca Dirceu falou da import\u00e2ncia deste reajuste, que cumpre o acordo de aumento anual do sal\u00e1rio m\u00ednimo, de uma pol\u00edtica adotada ainda no Governo do presidente Lula, e que se soma ao Governo da presidenta Dilma Rousseff, mesmo com a crise mundial. Ou\u00e7a a reportagem na \u00edntegra.<\/p>\n","protected":false},"author":1,"featured_media":27018,"comment_status":"open","ping_status":"open","sticky":false,"template":"","format":"standard","meta":{"footnotes":""},"categories":[1],"tags":[6234],"class_list":["post-27019","post","type-post","status-publish","format-standard","has-post-thumbnail","hentry","category-noticias-zeca-dirceu","tag-o-valor-do-novo-salario-minimo"],"_links":{"self":[{"href":"https:\/\/teste.bsb.br\/zeca\/wp-json\/wp\/v2\/posts\/27019","targetHints":{"allow":["GET"]}}],"collection":[{"href":"https:\/\/teste.bsb.br\/zeca\/wp-json\/wp\/v2\/posts"}],"about":[{"href":"https:\/\/teste.bsb.br\/zeca\/wp-json\/wp\/v2\/types\/post"}],"author":[{"embeddable":true,"href":"https:\/\/teste.bsb.br\/zeca\/wp-json\/wp\/v2\/users\/1"}],"replies":[{"embeddable":true,"href":"https:\/\/teste.bsb.br\/zeca\/wp-json\/wp\/v2\/comments?post=27019"}],"version-history":[{"count":0,"href":"https:\/\/teste.bsb.br\/zeca\/wp-json\/wp\/v2\/posts\/27019\/revisions"}],"wp:featuredmedia":[{"embeddable":true,"href":"https:\/\/teste.bsb.br\/zeca\/wp-json\/wp\/v2\/media\/27018"}],"wp:attachment":[{"href":"https:\/\/teste.bsb.br\/zeca\/wp-json\/wp\/v2\/media?parent=27019"}],"wp:term":[{"taxonomy":"category","embeddable":true,"href":"https:\/\/teste.bsb.br\/zeca\/wp-json\/wp\/v2\/categories?post=27019"},{"taxonomy":"post_tag","embeddable":true,"href":"https:\/\/teste.bsb.br\/zeca\/wp-json\/wp\/v2\/tags?post=27019"}],"curies":[{"name":"wp","href":"https:\/\/api.w.org\/{rel}","templated":true}]}}