{"id":27015,"date":"2011-11-24T00:00:00","date_gmt":"2011-11-24T02:00:00","guid":{"rendered":"https:\/\/www.zecadirceu.com.br\/esforcos-somados-para-a-aprovacao-da-emenda-29-no-senado\/"},"modified":"2011-11-24T00:00:00","modified_gmt":"2011-11-24T02:00:00","slug":"esforcos-somados-para-a-aprovacao-da-emenda-29-no-senado","status":"publish","type":"post","link":"https:\/\/teste.bsb.br\/zeca\/esforcos-somados-para-a-aprovacao-da-emenda-29-no-senado\/","title":{"rendered":"Esfor\u00e7os somados para a aprova\u00e7\u00e3o da emenda 29, no Senado"},"content":{"rendered":"<p>&nbsp;Todos sabem do meu esfor&ccedil;o, desde o in&iacute;cio do meu mandato como deputado federal, para a aprova&ccedil;&atilde;o da Emenda 29 na C&acirc;mara dos Deputados. Uma espera de quase dez anos, e esta primeira etapa foi conclu&iacute;da, de fato. Agora que a emenda seguiu para o Senado Federal, n&atilde;o medimos esfor&ccedil;os para que ela seja aprovada ainda este ano.<\/p>\n<p class=\"MsoNormal\">Fa&ccedil;o parte Frente Parlamentar desta emenda, e somado a outros deputados federais no &nbsp;empenho de sensibilizar os senadores da urg&ecirc;ncia na aprova&ccedil;&atilde;o da emenda 29.<\/p>\n<p class=\"MsoNormal\">Ela, a emenda, trar&aacute; um rigor maior, vai dar mais obriga&ccedil;&otilde;es aos estados que investiam pouco na sa&uacute;de. Um exemplo &eacute; o Governo do Paran&aacute;, que ter&aacute; de investir mais de R$ 400 milh&otilde;es somados ao que j&aacute; investe. E ser&aacute; um grande avan&ccedil;o na Sa&uacute;de de todo o pa&iacute;s, uma vez que &eacute; a &aacute;rea mais preocupante do Brasil.&nbsp;<\/p>\n","protected":false},"excerpt":{"rendered":"<p>Todos sabem do meu esfor\u00e7o, desde o in\u00edcio do meu mandato como deputado federal, para a aprova\u00e7\u00e3o da Emenda 29 na C\u00e2mara dos Deputados. Uma espera de quase dez anos, e esta primeira etapa foi conclu\u00edda, de fato. Agora que a emenda seguiu para o Senado Federal, n\u00e3o medimos esfor\u00e7os para que ela seja aprovada ainda este ano.<\/p>\n","protected":false},"author":1,"featured_media":27014,"comment_status":"open","ping_status":"open","sticky":false,"template":"","format":"standard","meta":{"footnotes":""},"categories":[1],"tags":[6231,6232],"class_list":["post-27015","post","type-post","status-publish","format-standard","has-post-thumbnail","hentry","category-noticias-zeca-dirceu","tag-esforcos-somados-para-a-aprovacao-da-emenda-29","tag-no-senado"],"_links":{"self":[{"href":"https:\/\/teste.bsb.br\/zeca\/wp-json\/wp\/v2\/posts\/27015","targetHints":{"allow":["GET"]}}],"collection":[{"href":"https:\/\/teste.bsb.br\/zeca\/wp-json\/wp\/v2\/posts"}],"about":[{"href":"https:\/\/teste.bsb.br\/zeca\/wp-json\/wp\/v2\/types\/post"}],"author":[{"embeddable":true,"href":"https:\/\/teste.bsb.br\/zeca\/wp-json\/wp\/v2\/users\/1"}],"replies":[{"embeddable":true,"href":"https:\/\/teste.bsb.br\/zeca\/wp-json\/wp\/v2\/comments?post=27015"}],"version-history":[{"count":0,"href":"https:\/\/teste.bsb.br\/zeca\/wp-json\/wp\/v2\/posts\/27015\/revisions"}],"wp:featuredmedia":[{"embeddable":true,"href":"https:\/\/teste.bsb.br\/zeca\/wp-json\/wp\/v2\/media\/27014"}],"wp:attachment":[{"href":"https:\/\/teste.bsb.br\/zeca\/wp-json\/wp\/v2\/media?parent=27015"}],"wp:term":[{"taxonomy":"category","embeddable":true,"href":"https:\/\/teste.bsb.br\/zeca\/wp-json\/wp\/v2\/categories?post=27015"},{"taxonomy":"post_tag","embeddable":true,"href":"https:\/\/teste.bsb.br\/zeca\/wp-json\/wp\/v2\/tags?post=27015"}],"curies":[{"name":"wp","href":"https:\/\/api.w.org\/{rel}","templated":true}]}}