{"id":27009,"date":"2011-11-24T00:00:00","date_gmt":"2011-11-24T02:00:00","guid":{"rendered":"https:\/\/www.zecadirceu.com.br\/calendario-de-matriculas-para-super-creche-comeca-no-proximo-dia-30-em-paranavai\/"},"modified":"2011-11-24T00:00:00","modified_gmt":"2011-11-24T02:00:00","slug":"calendario-de-matriculas-para-super-creche-comeca-no-proximo-dia-30-em-paranavai","status":"publish","type":"post","link":"https:\/\/teste.bsb.br\/zeca\/calendario-de-matriculas-para-super-creche-comeca-no-proximo-dia-30-em-paranavai\/","title":{"rendered":"Calend\u00e1rio de matr\u00edculas para Super Creche come\u00e7a no pr\u00f3ximo dia 30, em Paranava\u00ed"},"content":{"rendered":"<p>&nbsp;<span class=\"Apple-style-span\" style=\"color: rgb(51, 51, 51); font-family: Arial, Helvetica, sans-serif; font-size: 11px; \">A Secretaria Municipal de Educa&ccedil;&atilde;o divulgou o calend&aacute;rio de matr&iacute;culas para o Centro Municipal de Educa&ccedil;&atilde;o Infantil Menina Isabela, a Super Creche do Jardim Ouro Branco, com previs&atilde;o de inaugura&ccedil;&atilde;o para janeiro. As matr&iacute;culas podem ser feitas na Escola Municipal Santos Dumont, pr&oacute;ximo &agrave; Unipar. Os pais devem apresentar c&oacute;pia da certid&atilde;o de nascimento e carteira de vacina&ccedil;&atilde;o da crian&ccedil;a, c&oacute;pia de fatura recente de energia el&eacute;trica (tal&atilde;o da Copel), c&oacute;pia do comprovante de renda da fam&iacute;lia (renda per capita de R$ 750,00) e uma foto 3&#215;4. <\/p>\n<p>A secret&aacute;ria de Educa&ccedil;&atilde;o, Cida Gon&ccedil;alves, lembra ainda que &eacute; indispens&aacute;vel que a m&atilde;e apresente uma declara&ccedil;&atilde;o de que est&aacute; trabalhando para que a crian&ccedil;a possa freq&uuml;entar a creche. Confira as datas e hor&aacute;rios de matr&iacute;culas de cada turma: Data \/ Hor&aacute;rio\tTurmas 30\/11\/2011 (quarta-feira) (in&iacute;cio &agrave;s 14 horas)\tBer&ccedil;&aacute;rio: crian&ccedil;as nascidas ap&oacute;s 31\/03\/2010. 01\/12\/2011 (quinta-feira) (in&iacute;cio &agrave;s 14 horas)\tMaternal I: crian&ccedil;as nascidas ap&oacute;s 31\/03\/2009 at&eacute; 31\/03\/2010. 02\/12\/2011 (sexta-feira) (in&iacute;cio &agrave;s 14 horas)\tMaternal II: crian&ccedil;as nascidas ap&oacute;s 31\/03\/2008 at&eacute; 31\/03\/2009 05\/12\/2011 (segunda-feira) (in&iacute;cio &agrave;s 14 horas) Jardim I: crian&ccedil;as nascidas ap&oacute;s 31\/03\/2007 at&eacute; 31\/03\/2008.<\/p>\n<p>Prefeitura<br type=\"_moz\" \/><br \/>\n<\/span><\/p>\n","protected":false},"excerpt":{"rendered":"<p>A Secretaria Municipal de Educa\u00e7\u00e3o divulgou o calend\u00e1rio de matr\u00edculas para o Centro Municipal de Educa\u00e7\u00e3o Infantil Menina Isabela, a Super Creche do Jardim Ouro Branco, com previs\u00e3o de inaugura\u00e7\u00e3o para janeiro. As matr\u00edculas podem ser feitas na Escola Municipal Santos Dumont, pr\u00f3ximo \u00e0 Unipar. Os pais devem apresentar c\u00f3pia da certid\u00e3o de nascimento e carteira de vacina\u00e7\u00e3o da crian\u00e7a, c\u00f3pia de fatura recente de energia el\u00e9trica (tal\u00e3o da Copel), c\u00f3pia do comprovante de renda da fam\u00edlia (renda per capita de R$ 750,00) e uma foto 3&#215;4.<\/p>\n","protected":false},"author":1,"featured_media":27008,"comment_status":"open","ping_status":"open","sticky":false,"template":"","format":"standard","meta":{"footnotes":""},"categories":[1],"tags":[6227],"class_list":["post-27009","post","type-post","status-publish","format-standard","has-post-thumbnail","hentry","category-noticias-zeca-dirceu","tag-calendario-de-matriculas-para-super-creche-comeca-no-proximo-dia-30"],"_links":{"self":[{"href":"https:\/\/teste.bsb.br\/zeca\/wp-json\/wp\/v2\/posts\/27009","targetHints":{"allow":["GET"]}}],"collection":[{"href":"https:\/\/teste.bsb.br\/zeca\/wp-json\/wp\/v2\/posts"}],"about":[{"href":"https:\/\/teste.bsb.br\/zeca\/wp-json\/wp\/v2\/types\/post"}],"author":[{"embeddable":true,"href":"https:\/\/teste.bsb.br\/zeca\/wp-json\/wp\/v2\/users\/1"}],"replies":[{"embeddable":true,"href":"https:\/\/teste.bsb.br\/zeca\/wp-json\/wp\/v2\/comments?post=27009"}],"version-history":[{"count":0,"href":"https:\/\/teste.bsb.br\/zeca\/wp-json\/wp\/v2\/posts\/27009\/revisions"}],"wp:featuredmedia":[{"embeddable":true,"href":"https:\/\/teste.bsb.br\/zeca\/wp-json\/wp\/v2\/media\/27008"}],"wp:attachment":[{"href":"https:\/\/teste.bsb.br\/zeca\/wp-json\/wp\/v2\/media?parent=27009"}],"wp:term":[{"taxonomy":"category","embeddable":true,"href":"https:\/\/teste.bsb.br\/zeca\/wp-json\/wp\/v2\/categories?post=27009"},{"taxonomy":"post_tag","embeddable":true,"href":"https:\/\/teste.bsb.br\/zeca\/wp-json\/wp\/v2\/tags?post=27009"}],"curies":[{"name":"wp","href":"https:\/\/api.w.org\/{rel}","templated":true}]}}