{"id":26993,"date":"2011-11-27T00:00:00","date_gmt":"2011-11-27T02:00:00","guid":{"rendered":"https:\/\/www.zecadirceu.com.br\/amerios-convoca-prefeitos-para-conferencia-sobre-transparencia\/"},"modified":"2011-11-27T00:00:00","modified_gmt":"2011-11-27T02:00:00","slug":"amerios-convoca-prefeitos-para-conferencia-sobre-transparencia","status":"publish","type":"post","link":"https:\/\/teste.bsb.br\/zeca\/amerios-convoca-prefeitos-para-conferencia-sobre-transparencia\/","title":{"rendered":"Amerios convoca prefeitos para Confer\u00eancia sobre Transpar\u00eancia"},"content":{"rendered":"<p>&nbsp;<span class=\"Apple-style-span\" style=\"color: rgb(51, 51, 51); font-family: Tahoma, Geneva, sans-serif; font-size: 11px; line-height: 11px; \">O presidente da Amerios (Associa&ccedil;&atilde;o dos Munic&iacute;pios de Entre Rios) Almir de Almeida convoca todos os prefeitos para participarem a Confer&ecirc;ncia Regional Sobre Transpar&ecirc;ncia e Controle Social. O evento acontecer&aacute; no dia 02 de dezembro, no Anfiteatro no campus III da Unipar de Umuarama.<\/span><\/p>\n<div class=\"noticiaDestaque\" style=\"margin-top: 0px; margin-right: 0px; margin-bottom: 0px; margin-left: 0px; padding-top: 0px; padding-right: 0px; padding-bottom: 20px; padding-left: 0px; border-top-width: 0px; border-right-width: 0px; border-bottom-width: initial; border-left-width: 0px; border-style: initial; border-color: initial; outline-width: 0px; outline-style: initial; outline-color: initial; font-size: 11px; vertical-align: baseline; background-image: initial; background-attachment: initial; background-origin: initial; background-clip: initial; background-color: transparent; border-bottom-style: none; border-bottom-color: initial; color: rgb(51, 51, 51); font-family: Tahoma, Geneva, sans-serif; line-height: 11px; \">\n<div id=\"texto\" style=\"margin-top: 0px; margin-right: 0px; margin-bottom: 0px; margin-left: 0px; padding-top: 0px; padding-right: 0px; padding-bottom: 0px; padding-left: 0px; border-top-width: 0px; border-right-width: 0px; border-bottom-width: 0px; border-left-width: 0px; border-style: initial; border-color: initial; outline-width: 0px; outline-style: initial; outline-color: initial; vertical-align: baseline; background-image: initial; background-attachment: initial; background-origin: initial; background-clip: initial; background-color: transparent; text-align: justify; \"><br style=\"margin-top: 0px; margin-right: 0px; margin-bottom: 0px; margin-left: 0px; padding-top: 0px; padding-right: 0px; padding-bottom: 0px; padding-left: 0px; \" \/><\/p>\n<p style=\"margin-top: 0px; margin-right: 0px; margin-bottom: 0px; margin-left: 0px; padding-top: 0px; padding-right: 0px; padding-bottom: 0px; padding-left: 0px; border-top-width: 0px; border-right-width: 0px; border-bottom-width: 0px; border-left-width: 0px; border-style: initial; border-color: initial; outline-width: 0px; outline-style: initial; outline-color: initial; vertical-align: baseline; background-image: initial; background-attachment: initial; background-origin: initial; background-clip: initial; background-color: transparent; \">Segundo Almeida, que tamb&eacute;m &eacute; prefeito de Perobal, conforme a decis&atilde;o tomada em reuni&atilde;o geral realizada no dia 08 de novembro, cada munic&iacute;pio da Amerios ter&aacute; direito a cinco inscri&ccedil;&otilde;es, sendo tr&ecirc;s para representantes da sociedade civil, um do poder p&uacute;blico e um dos conselhos de cada munic&iacute;pio, indicando se as pessoas t&ecirc;m interesse em ser delegados na Confer&ecirc;ncia Estadual.<\/p>\n<p><br style=\"margin-top: 0px; margin-right: 0px; margin-bottom: 0px; margin-left: 0px; padding-top: 0px; padding-right: 0px; padding-bottom: 0px; padding-left: 0px; \" \/><\/p>\n<p style=\"margin-top: 0px; margin-right: 0px; margin-bottom: 0px; margin-left: 0px; padding-top: 0px; padding-right: 0px; padding-bottom: 0px; padding-left: 0px; border-top-width: 0px; border-right-width: 0px; border-bottom-width: 0px; border-left-width: 0px; border-style: initial; border-color: initial; outline-width: 0px; outline-style: initial; outline-color: initial; vertical-align: baseline; background-image: initial; background-attachment: initial; background-origin: initial; background-clip: initial; background-color: transparent; \">Almir de Almeida explica que o governador Beto Richa e o Tribunal de Contas decretaram a obrigatoriedade de todos os munic&iacute;pios do Estado terem disponibilizadas em seus sites as contas p&uacute;blicas. O prazo para o servi&ccedil;o entrar em funcionamento &eacute; o m&ecirc;s de janeiro de 2012. &ldquo;Todas as despesas do munic&iacute;pio, com contas, di&aacute;rias, programas, projetos, entre outras, ter&atilde;o que constar no site.<\/p>\n<p><br style=\"margin-top: 0px; margin-right: 0px; margin-bottom: 0px; margin-left: 0px; padding-top: 0px; padding-right: 0px; padding-bottom: 0px; padding-left: 0px; \" \/><\/p>\n<p style=\"margin-top: 0px; margin-right: 0px; margin-bottom: 0px; margin-left: 0px; padding-top: 0px; padding-right: 0px; padding-bottom: 0px; padding-left: 0px; border-top-width: 0px; border-right-width: 0px; border-bottom-width: 0px; border-left-width: 0px; border-style: initial; border-color: initial; outline-width: 0px; outline-style: initial; outline-color: initial; vertical-align: baseline; background-image: initial; background-attachment: initial; background-origin: initial; background-clip: initial; background-color: transparent; \">As prefeituras que n&atilde;o o fizerem poder&atilde;o ser penalizadas&rdquo;, informa. Segundo o presidente da Associa&ccedil;&atilde;o, os munic&iacute;pios que n&atilde;o possuem site ter&atilde;o que desenvolver sua home page e os que j&aacute; tem, somente ter&atilde;o que disponibilizar ao dados e atualiz&aacute;- los sempre. Mais informa&ccedil;&otilde;es diretamente na Amerios ou atrav&eacute;s dos telefones (44) 3622-2072 ou 3622-2906.<\/p>\n<div>\nTribuna Hoje<br \/>\n&nbsp;<\/div>\n<\/div>\n<\/div>\n","protected":false},"excerpt":{"rendered":"<p>O presidente da Amerios (Associa\u00e7\u00e3o dos Munic\u00edpios de Entre Rios) Almir de Almeida convoca todos os prefeitos para participarem a Confer\u00eancia Regional Sobre Transpar\u00eancia e Controle Social. O evento acontecer\u00e1 no dia 02 de dezembro, no Anfiteatro no campus III da Unipar de Umuarama.<\/p>\n","protected":false},"author":1,"featured_media":26992,"comment_status":"open","ping_status":"open","sticky":false,"template":"","format":"standard","meta":{"footnotes":""},"categories":[1],"tags":[6217],"class_list":["post-26993","post","type-post","status-publish","format-standard","has-post-thumbnail","hentry","category-noticias-zeca-dirceu","tag-amerios-convoca-prefeitos-para-conferencia-sobre-transparencia"],"_links":{"self":[{"href":"https:\/\/teste.bsb.br\/zeca\/wp-json\/wp\/v2\/posts\/26993","targetHints":{"allow":["GET"]}}],"collection":[{"href":"https:\/\/teste.bsb.br\/zeca\/wp-json\/wp\/v2\/posts"}],"about":[{"href":"https:\/\/teste.bsb.br\/zeca\/wp-json\/wp\/v2\/types\/post"}],"author":[{"embeddable":true,"href":"https:\/\/teste.bsb.br\/zeca\/wp-json\/wp\/v2\/users\/1"}],"replies":[{"embeddable":true,"href":"https:\/\/teste.bsb.br\/zeca\/wp-json\/wp\/v2\/comments?post=26993"}],"version-history":[{"count":0,"href":"https:\/\/teste.bsb.br\/zeca\/wp-json\/wp\/v2\/posts\/26993\/revisions"}],"wp:featuredmedia":[{"embeddable":true,"href":"https:\/\/teste.bsb.br\/zeca\/wp-json\/wp\/v2\/media\/26992"}],"wp:attachment":[{"href":"https:\/\/teste.bsb.br\/zeca\/wp-json\/wp\/v2\/media?parent=26993"}],"wp:term":[{"taxonomy":"category","embeddable":true,"href":"https:\/\/teste.bsb.br\/zeca\/wp-json\/wp\/v2\/categories?post=26993"},{"taxonomy":"post_tag","embeddable":true,"href":"https:\/\/teste.bsb.br\/zeca\/wp-json\/wp\/v2\/tags?post=26993"}],"curies":[{"name":"wp","href":"https:\/\/api.w.org\/{rel}","templated":true}]}}