{"id":26989,"date":"2011-11-27T00:00:00","date_gmt":"2011-11-27T02:00:00","guid":{"rendered":"https:\/\/www.zecadirceu.com.br\/tribunal-de-justica-autoriza-construcao-do-forum-de-cruzeiro-do-oeste\/"},"modified":"2011-11-27T00:00:00","modified_gmt":"2011-11-27T02:00:00","slug":"tribunal-de-justica-autoriza-construcao-do-forum-de-cruzeiro-do-oeste","status":"publish","type":"post","link":"https:\/\/teste.bsb.br\/zeca\/tribunal-de-justica-autoriza-construcao-do-forum-de-cruzeiro-do-oeste\/","title":{"rendered":"Tribunal de Justi\u00e7a autoriza constru\u00e7\u00e3o do F\u00f3rum de Cruzeiro do Oeste"},"content":{"rendered":"<p>&nbsp;<span class=\"Apple-style-span\" style=\"color: rgb(83, 81, 81); font-family: Arial, Helvetica, sans-serif; line-height: 18px; \">O prefeito<\/span><span class=\"Apple-style-span\" style=\"color: rgb(83, 81, 81); font-family: Arial, Helvetica, sans-serif; line-height: 18px; text-align: justify; \">&nbsp;<\/span><span data-scayt_word=\"Valter\" data-scaytid=\"1\" style=\"color: rgb(83, 81, 81); font-family: Arial, Helvetica, sans-serif; line-height: 18px; text-align: justify; \">Valter<\/span><span class=\"Apple-style-span\" style=\"color: rgb(83, 81, 81); font-family: Arial, Helvetica, sans-serif; line-height: 18px; text-align: justify; \">&nbsp;<\/span><span class=\"Apple-style-span\" style=\"color: rgb(83, 81, 81); font-family: Arial, Helvetica, sans-serif; line-height: 18px; text-align: justify; \">Pereira da Rocha esteve em Curitiba, na &uacute;ltima quarta-feira, e ao retornar ainda naquele dia para Cruzeiro do Oeste trouxe uma not&iacute;cia de grande<\/span><span class=\"Apple-style-span\" style=\"color: rgb(83, 81, 81); font-family: Arial, Helvetica, sans-serif; line-height: 18px; text-align: justify; \">&nbsp;<\/span><span data-scayt_word=\"import\" data-scaytid=\"2\" style=\"color: rgb(83, 81, 81); font-family: Arial, Helvetica, sans-serif; line-height: 18px; text-align: justify; \">import<\/span><span class=\"Apple-style-span\" style=\"color: rgb(83, 81, 81); font-family: Arial, Helvetica, sans-serif; line-height: 18px; text-align: justify; \">&acirc;<\/span><span data-scayt_word=\"ncia\" data-scaytid=\"3\" style=\"color: rgb(83, 81, 81); font-family: Arial, Helvetica, sans-serif; line-height: 18px; text-align: justify; \">ncia<\/span><span class=\"Apple-style-span\" style=\"color: rgb(83, 81, 81); font-family: Arial, Helvetica, sans-serif; line-height: 18px; text-align: justify; \">&nbsp;<\/span><span class=\"Apple-style-span\" style=\"color: rgb(83, 81, 81); font-family: Arial, Helvetica, sans-serif; line-height: 18px; text-align: justify; \">para a popula&ccedil;&atilde;o local e demais munic&iacute;pios (<\/span><span data-scayt_word=\"Mariluz\" data-scaytid=\"4\" style=\"color: rgb(83, 81, 81); font-family: Arial, Helvetica, sans-serif; line-height: 18px; text-align: justify; \">Mariluz<\/span><span class=\"Apple-style-span\" style=\"color: rgb(83, 81, 81); font-family: Arial, Helvetica, sans-serif; line-height: 18px; text-align: justify; \">,<\/span><span class=\"Apple-style-span\" style=\"color: rgb(83, 81, 81); font-family: Arial, Helvetica, sans-serif; line-height: 18px; text-align: justify; \">&nbsp;<\/span><span data-scayt_word=\"Tapejara\" data-scaytid=\"5\" style=\"color: rgb(83, 81, 81); font-family: Arial, Helvetica, sans-serif; line-height: 18px; text-align: justify; \">Tapejara<\/span><span class=\"Apple-style-span\" style=\"color: rgb(83, 81, 81); font-family: Arial, Helvetica, sans-serif; line-height: 18px; text-align: justify; \">&nbsp;<\/span><span class=\"Apple-style-span\" style=\"color: rgb(83, 81, 81); font-family: Arial, Helvetica, sans-serif; line-height: 18px; text-align: justify; \">e<\/span><span class=\"Apple-style-span\" style=\"color: rgb(83, 81, 81); font-family: Arial, Helvetica, sans-serif; line-height: 18px; text-align: justify; \">&nbsp;<\/span><span data-scayt_word=\"Tuneiras\" data-scaytid=\"6\" style=\"color: rgb(83, 81, 81); font-family: Arial, Helvetica, sans-serif; line-height: 18px; text-align: justify; \">Tuneiras<\/span><span class=\"Apple-style-span\" style=\"color: rgb(83, 81, 81); font-family: Arial, Helvetica, sans-serif; line-height: 18px; text-align: justify; \">&nbsp;<\/span><span class=\"Apple-style-span\" style=\"color: rgb(83, 81, 81); font-family: Arial, Helvetica, sans-serif; line-height: 18px; text-align: justify; \">do Oeste) que comp&otilde;em a Comarca: o presidente do Tribunal de Justi&ccedil;a do Paran&aacute;, desembargador Miguel<\/span><span data-scayt_word=\"Kfouri\" data-scaytid=\"7\" style=\"color: rgb(83, 81, 81); font-family: Arial, Helvetica, sans-serif; line-height: 18px; text-align: justify; \">Kfouri<\/span><span class=\"Apple-style-span\" style=\"color: rgb(83, 81, 81); font-family: Arial, Helvetica, sans-serif; line-height: 18px; text-align: justify; \">&nbsp;<\/span><span class=\"Apple-style-span\" style=\"color: rgb(83, 81, 81); font-family: Arial, Helvetica, sans-serif; line-height: 18px; text-align: justify; \">Neto, assinou a ordem de servi&ccedil;o para o in&iacute;cio das obras de constru&ccedil;&atilde;o do novo F&oacute;rum de Cruzeiro do Oeste. A expectativa em torno desse momento era grande desde o ano passado, quando o prefeito e muitas outras autoridades locais, numa grande cerim&ocirc;nia, lan&ccedil;aram a pedra fundamental do F&oacute;rum, na Pra&ccedil;a<\/span><span class=\"Apple-style-span\" style=\"color: rgb(83, 81, 81); font-family: Arial, Helvetica, sans-serif; line-height: 18px; text-align: justify; \">&nbsp;<\/span><span data-scayt_word=\"Agenor\" data-scaytid=\"9\" style=\"color: rgb(83, 81, 81); font-family: Arial, Helvetica, sans-serif; line-height: 18px; text-align: justify; \">Agenor<\/span><span class=\"Apple-style-span\" style=\"color: rgb(83, 81, 81); font-family: Arial, Helvetica, sans-serif; line-height: 18px; text-align: justify; \">&nbsp;<\/span><span data-scayt_word=\"Bortolon\" data-scaytid=\"10\" style=\"color: rgb(83, 81, 81); font-family: Arial, Helvetica, sans-serif; line-height: 18px; text-align: justify; \">Bortolon<\/span><span class=\"Apple-style-span\" style=\"color: rgb(83, 81, 81); font-family: Arial, Helvetica, sans-serif; line-height: 18px; text-align: justify; \">, ao lado do F&oacute;rum Eleitoral.<\/span><\/p>\n<p style=\"color: rgb(83, 81, 81); font-family: Arial, Helvetica, sans-serif; line-height: 18px; text-align: justify; \">O novo pr&eacute;dio ter&aacute; 3 mil metros quadrados e vai custar R$ 6 milh&otilde;es e oitocentos mil. O presidente Miguel&nbsp;<span data-scayt_word=\"Kfouri\" data-scaytid=\"8\">Kfouri<\/span>&nbsp;Neto disse da satisfa&ccedil;&atilde;o de assinar o documento. &quot;Fico feliz com essa obra que vai atender bem e com conforto &agrave;quela popula&ccedil;&atilde;o, da qual um dia fiz parte como cidad&atilde;o<span data-scayt_word=\"cruzeirense\" data-scaytid=\"11\">cruzeirense<\/span>&quot;, disse ele. Em setembro &uacute;ltimo, o desembargador esteve em Cruzeiro do Oeste e naquela oportunidade foi homenageado com o t&iacute;tulo de cidad&atilde;o honor&aacute;rio.<\/p>\n<p>Na solenidade de assinatura da ordem de servi&ccedil;o no&nbsp;<span data-scayt_word=\"TJPR\" data-scaytid=\"12\">TJPR<\/span>, o prefeito&nbsp;<span data-scayt_word=\"Valtinho\" data-scaytid=\"13\">Valtinho<\/span>&nbsp;esteve&nbsp;<span data-scayt_word=\"liderando\" data-scaytid=\"15\">liderando<\/span>&nbsp;uma comitiva de Cruzeiro do Oeste, integrada tamb&eacute;m pelo presidente da C&acirc;<span data-scayt_word=\"mara\" data-scaytid=\"16\">mara<\/span>&nbsp;<span data-scayt_word=\"Munikcipal\" data-scaytid=\"17\">Municipal<\/span>, vereador Carlos Roberto Alegria e os vereadores Os&oacute;rio Moreira Couto e Euclides dos Santos. O deputado estadual Nelson Garcia acompanhou as lideran&ccedil;as durante a cerim&ocirc;nia em Curitiba. &Eacute; importante lembrar que a luta pela constru&ccedil;&atilde;o do novo F&oacute;rum de Cruzeiro tamb&eacute;m teve importante apoio do deputado federal&nbsp;<span data-scayt_word=\"Zeca\" data-scaytid=\"18\">Zeca<\/span>&nbsp;Dirceu e das ju&iacute;zas&nbsp;<span data-scayt_word=\"Roseli\" data-scaytid=\"19\">Roseli<\/span>&nbsp;Maria&nbsp;<span data-scayt_word=\"Geller\" data-scaytid=\"20\">Geller<\/span>&nbsp;Barcelos,&nbsp;<span data-scayt_word=\"Vivian\" data-scaytid=\"21\">Vivian<\/span>&nbsp;<span data-scayt_word=\"Eisenberg\" data-scaytid=\"22\">Eisenberg<\/span>&nbsp;de Almeida&nbsp;<span data-scayt_word=\"Sobreiro\" data-scaytid=\"23\">Sobreiro<\/span>&nbsp;e<span data-scayt_word=\"Josiane\" data-scaytid=\"24\">Josiane<\/span>&nbsp;Pavelski Borges Fonseca, assim como do presidente da OAB local, Carlos Roberto Jakimiu, e muitas outras lideran&ccedil;as e entidades do munic&iacute;pio. &quot;Ganha a cidade e ganha o cidad&atilde;o de Cruzeiro do Oeste, que volta a ter autoestima e orgulho por morar na cidade&quot;, disse&nbsp;<span data-scayt_word=\"Valtinho\" data-scaytid=\"14\">Valtinho<\/span>.<\/p>\n<div style=\"color: rgb(83, 81, 81); font-family: Arial, Helvetica, sans-serif; line-height: 18px; text-align: justify; \">NECESSIDADE ANTIGA<\/div>\n<p style=\"color: rgb(83, 81, 81); font-family: Arial, Helvetica, sans-serif; line-height: 18px; text-align: justify; \">As atuais instala&ccedil;&otilde;es do F&oacute;rum, constru&iacute;das quatro d&eacute;cadas atr&aacute;s, h&aacute; muitos anos n&atilde;o atendem a demanda, vez que o n&uacute;mero de processos &eacute; crescente e a falta espa&ccedil;o tem sido um problema maior &agrave; cada dia. As acomoda&ccedil;&otilde;es inadequadas prejudicam tanto os ju&iacute;zes, promotores e serventu&aacute;rios quanto a popula&ccedil;&atilde;o. Por isto, a assinatura da ordem de servi&ccedil;o &eacute; motivo de comemora&ccedil;&atilde;o. De acordo com o projeto arquitet&ocirc;nico e a maquete, j&aacute; conclu&iacute;dos, o novo edif&iacute;cio do F&oacute;rum ser&aacute; erguido dentro do mais moderno padr&atilde;o de engenharia. Al&eacute;m de espa&ccedil;os adequados para o trabalho da Justi&ccedil;a, contar&aacute; com sistema de reaproveitamento de &aacute;gua de chuvas, entre outras inova&ccedil;&otilde;es. Al&eacute;m disso, o pr&eacute;dio ser&aacute; constru&iacute;do com proje&ccedil;&atilde;o para a cria&ccedil;&atilde;o de novas Varas da Justi&ccedil;a, futuramente.<\/p>\n<p>Prefeitura<\/p>\n","protected":false},"excerpt":{"rendered":"<p>O prefeito Valter Pereira da Rocha esteve em Curitiba, na \u00faltima quarta-feira, e ao retornar ainda naquele dia para Cruzeiro do Oeste trouxe uma not\u00edcia de grande import\u00e2ncia para a popula\u00e7\u00e3o local e demais munic\u00edpios (Mariluz, Tapejara e Tuneiras do Oeste) que comp\u00f5em a Comarca: o presidente do Tribunal de Justi\u00e7a do Paran\u00e1, desembargador MiguelKfouri Neto, assinou a ordem de servi\u00e7o para o in\u00edcio das obras de constru\u00e7\u00e3o do novo F\u00f3rum de Cruzeiro do Oeste.<\/p>\n","protected":false},"author":1,"featured_media":26988,"comment_status":"open","ping_status":"open","sticky":false,"template":"","format":"standard","meta":{"footnotes":""},"categories":[1],"tags":[6215],"class_list":["post-26989","post","type-post","status-publish","format-standard","has-post-thumbnail","hentry","category-noticias-zeca-dirceu","tag-tribunal-de-justica-autoriza-construcao-do-forum-de-cruzeiro-do-oeste"],"_links":{"self":[{"href":"https:\/\/teste.bsb.br\/zeca\/wp-json\/wp\/v2\/posts\/26989","targetHints":{"allow":["GET"]}}],"collection":[{"href":"https:\/\/teste.bsb.br\/zeca\/wp-json\/wp\/v2\/posts"}],"about":[{"href":"https:\/\/teste.bsb.br\/zeca\/wp-json\/wp\/v2\/types\/post"}],"author":[{"embeddable":true,"href":"https:\/\/teste.bsb.br\/zeca\/wp-json\/wp\/v2\/users\/1"}],"replies":[{"embeddable":true,"href":"https:\/\/teste.bsb.br\/zeca\/wp-json\/wp\/v2\/comments?post=26989"}],"version-history":[{"count":0,"href":"https:\/\/teste.bsb.br\/zeca\/wp-json\/wp\/v2\/posts\/26989\/revisions"}],"wp:featuredmedia":[{"embeddable":true,"href":"https:\/\/teste.bsb.br\/zeca\/wp-json\/wp\/v2\/media\/26988"}],"wp:attachment":[{"href":"https:\/\/teste.bsb.br\/zeca\/wp-json\/wp\/v2\/media?parent=26989"}],"wp:term":[{"taxonomy":"category","embeddable":true,"href":"https:\/\/teste.bsb.br\/zeca\/wp-json\/wp\/v2\/categories?post=26989"},{"taxonomy":"post_tag","embeddable":true,"href":"https:\/\/teste.bsb.br\/zeca\/wp-json\/wp\/v2\/tags?post=26989"}],"curies":[{"name":"wp","href":"https:\/\/api.w.org\/{rel}","templated":true}]}}