{"id":26981,"date":"2011-11-28T00:00:00","date_gmt":"2011-11-28T02:00:00","guid":{"rendered":"https:\/\/www.zecadirceu.com.br\/prefeito-de-cianorte-recebe-representantes-de-multinacional-francesa\/"},"modified":"2011-11-28T00:00:00","modified_gmt":"2011-11-28T02:00:00","slug":"prefeito-de-cianorte-recebe-representantes-de-multinacional-francesa","status":"publish","type":"post","link":"https:\/\/teste.bsb.br\/zeca\/prefeito-de-cianorte-recebe-representantes-de-multinacional-francesa\/","title":{"rendered":"Prefeito de Cianorte recebe representantes de multinacional francesa"},"content":{"rendered":"<p>&nbsp;O prefeito Edno Guimar&atilde;es recebeu, na semana passada, a visita de uma comitiva da multinacional francesa Leroy Merlin, com filial em S&atilde;o Paulo. O grupo veio a Cianorte conhecer a estrutura respons&aacute;vel pelo &ldquo;boom&rdquo; econ&ocirc;mico dos &uacute;ltimos 30 anos, que faz desta cidade a &ldquo;Capital do Vestu&aacute;rio&rdquo;, e a maneira como &eacute; projetado o seu futuro.<\/p>\n<p class=\"MsoNormal\"><o:p><\/o:p><\/p>\n<p class=\"MsoNormal\">Guimar&atilde;es, juntamente com o secret&aacute;rio municipal de Ind&uacute;stria e Com&eacute;rcio, Wanderley Fernandes, e o secret&aacute;rio de Desenvolvimento Municipal, Nelson Magron J&uacute;nior, apresentou as principais caracter&iacute;sticas da cidade.<o:p><\/o:p><\/p>\n<p class=\"MsoNormal\">&ldquo;Como nossa taxa de desenvolvimento &eacute; superior &agrave; m&eacute;dia paranaense, estamos constantemente atentos para que este crescimento seja ordenado. Por isso, seguimos o Plano Diretor, cuidadosamente elaborado por uma equipe com vis&atilde;o estrat&eacute;gica&rdquo;, explicou o prefeito.<o:p><\/o:p><\/p>\n<p class=\"MsoNormal\">Outra quest&atilde;o tratada na reuni&atilde;o foi a gera&ccedil;&atilde;o de empregos. Segundo o chefe do executivo, &ldquo;o vestu&aacute;rio &eacute; um ramo que emprega muito, tanto na produ&ccedil;&atilde;o, quanto na comercializa&ccedil;&atilde;o. Por isso, Cianorte pode hoje se orgulhar de ser uma cidade sem desemprego&rdquo;.<o:p><\/o:p><\/p>\n<p class=\"MsoNormal\">O prefeito n&atilde;o se esqueceu de mencionar os demais ramos de atividade do munic&iacute;pio. &ldquo;Cianorte possui um parque industrial forte, possuindo empresas dos mais variados ramos econ&ocirc;micos, como metal&uacute;rgicas, ind&uacute;strias de barbantes, embalagens pl&aacute;sticas, m&oacute;veis e artigos em madeira. As ind&uacute;strias aliment&iacute;cias t&ecirc;m grande destaque, empregam mais de mil funcion&aacute;rios e vendem para o Brasil e para o Mercosul. A cidade tamb&eacute;m se destaca a produ&ccedil;&atilde;o de frangos de corte&rdquo;, afirmou.<o:p><\/o:p><\/p>\n<p class=\"MsoNormal\">Em nome da comitiva, o gerente de Tecnologia e Infraestrutura, Reginaldo Barbosa, agradeceu a receptividade. &ldquo;Fomos muito bem recebidos pelo prefeito e sua equipe. Esta visita foi bastante produtiva, j&aacute; que pudemos identificar os principais pontos de desenvolvimento de Cianorte e a maneira como a administra&ccedil;&atilde;o municipal planeja e ordena seu crescimento&rdquo;, disse.<o:p><\/o:p><\/p>\n<p class=\"MsoNormal\">&nbsp;<o:p><\/o:p><\/p>\n<p class=\"MsoNormal\">Fonte: Assessoria de Comunica&ccedil;&atilde;o Social<\/p>\n","protected":false},"excerpt":{"rendered":"<p>O prefeito Edno Guimar\u00e3es recebeu, na semana passada, a visita de uma comitiva da multinacional francesa Leroy Merlin, com filial em S\u00e3o Paulo. O grupo veio a Cianorte conhecer a estrutura respons\u00e1vel pelo \u201cboom\u201d econ\u00f4mico dos \u00faltimos 30 anos, que faz desta cidade a \u201cCapital do Vestu\u00e1rio\u201d, e a maneira como \u00e9 projetado o seu futuro.<\/p>\n","protected":false},"author":1,"featured_media":26980,"comment_status":"open","ping_status":"open","sticky":false,"template":"","format":"standard","meta":{"footnotes":""},"categories":[1],"tags":[6211],"class_list":["post-26981","post","type-post","status-publish","format-standard","has-post-thumbnail","hentry","category-noticias-zeca-dirceu","tag-edno-guimaraes-recebe-representantes-de-multinacional-francesa"],"_links":{"self":[{"href":"https:\/\/teste.bsb.br\/zeca\/wp-json\/wp\/v2\/posts\/26981","targetHints":{"allow":["GET"]}}],"collection":[{"href":"https:\/\/teste.bsb.br\/zeca\/wp-json\/wp\/v2\/posts"}],"about":[{"href":"https:\/\/teste.bsb.br\/zeca\/wp-json\/wp\/v2\/types\/post"}],"author":[{"embeddable":true,"href":"https:\/\/teste.bsb.br\/zeca\/wp-json\/wp\/v2\/users\/1"}],"replies":[{"embeddable":true,"href":"https:\/\/teste.bsb.br\/zeca\/wp-json\/wp\/v2\/comments?post=26981"}],"version-history":[{"count":0,"href":"https:\/\/teste.bsb.br\/zeca\/wp-json\/wp\/v2\/posts\/26981\/revisions"}],"wp:featuredmedia":[{"embeddable":true,"href":"https:\/\/teste.bsb.br\/zeca\/wp-json\/wp\/v2\/media\/26980"}],"wp:attachment":[{"href":"https:\/\/teste.bsb.br\/zeca\/wp-json\/wp\/v2\/media?parent=26981"}],"wp:term":[{"taxonomy":"category","embeddable":true,"href":"https:\/\/teste.bsb.br\/zeca\/wp-json\/wp\/v2\/categories?post=26981"},{"taxonomy":"post_tag","embeddable":true,"href":"https:\/\/teste.bsb.br\/zeca\/wp-json\/wp\/v2\/tags?post=26981"}],"curies":[{"name":"wp","href":"https:\/\/api.w.org\/{rel}","templated":true}]}}