{"id":26977,"date":"2011-11-28T00:00:00","date_gmt":"2011-11-28T02:00:00","guid":{"rendered":"https:\/\/www.zecadirceu.com.br\/prefeito-leo-cobra-em-brasilia-liberacao-de-recursos-para-sao-tome\/"},"modified":"2011-11-28T00:00:00","modified_gmt":"2011-11-28T02:00:00","slug":"prefeito-leo-cobra-em-brasilia-liberacao-de-recursos-para-sao-tome","status":"publish","type":"post","link":"https:\/\/teste.bsb.br\/zeca\/prefeito-leo-cobra-em-brasilia-liberacao-de-recursos-para-sao-tome\/","title":{"rendered":"Prefeito L\u00e9o cobra em Brasilia libera\u00e7\u00e3o de recursos para S\u00e3o Tom\u00e9"},"content":{"rendered":"<p>&nbsp;O Prefeito L&eacute;o Hernandes, esteve essa semana na Capital Federal. Seu primeiro compromisso foi ainda na ter&ccedil;a feira, no Minist&eacute;rio da Integra&ccedil;&atilde;o Nacional, Secretaria Nacional de Defesa Civil. Acompanhado do Deputado Federal Zeca Dirceu, onde foi protocolado plano de trabalho que faz parte do processo j&aacute; em andamento neste Minist&eacute;rio. Este processo, trata&nbsp; primeiramente do reconhecimento&nbsp; por parte do Governo Federal, como estado de emerg&ecirc;ncia do munic&iacute;pio de S&atilde;o Tom&eacute;, isso devido ao vendaval que assolou o munic&iacute;pio&nbsp; no dia 29 de Outubro passado. Posteriormente,&nbsp; ser&aacute; solicitado junto a este Minist&eacute;rio, recursos&nbsp; no montante suficientes&nbsp; para recuperar bens p&uacute;blicos danificados, conforme levantamento realizado pela equipe da defesa civil municipal.&nbsp;&nbsp;<\/p>\n<p class=\"MsoNormal\"><o:p><\/o:p><\/p>\n<p class=\"MsoNormal\">Segundo o Prefeito L&eacute;o, essa solicita&ccedil;&atilde;o faz necess&aacute;rio,&nbsp; porque aparentemente os preju&iacute;zo&nbsp; n&atilde;o foi t&atilde;o grande. Mas a partir do momento que a Defesa Civil do munic&iacute;pio fez o levantamento completo de todos os danos causados em bens p&uacute;blicos, confesso&nbsp; que me&nbsp; causou um grande susto, isso devido fugir das condi&ccedil;&otilde;es do caixa do&nbsp; munic&iacute;pio para que possamos fazer a recupera&ccedil;&atilde;o.<o:p><\/o:p><\/p>\n<p class=\"MsoNormal\">O Prefeito L&eacute;o Hernandes, tamb&eacute;m aproveitou a sua estadia em Bras&iacute;lia, para visitar os gabinetes de Deputados e Senadores, na tentativa de convenc&ecirc;-los em por Emendas individuais no Or&ccedil;amento 2012, para o munic&iacute;pio de S&atilde;o Tom&eacute;.<o:p><\/o:p><\/p>\n<p class=\"MsoNormal\">Neste per&iacute;odo, n&oacute;s Prefeitos temos a obriga&ccedil;&atilde;o de estar aqui, lembrando e cobrando nossos parlamentares. Certo que nesta quinta feira dia 24, ser&aacute;&nbsp; ultimo dia para os Deputados e Senadores apresentar&nbsp; Emendas ao or&ccedil;amento 2012. Isso quer dizer, que os parlamentares ter&atilde;o este prazo para definir quais munic&iacute;pios ser&aacute; beneficiado e valor dentro de sua cota do or&ccedil;amento.&nbsp; A partir dessa data, o munic&iacute;pio que foi lembrado &oacute;timo e quem n&atilde;o foi lembrado ficou fora da possibilidade de pleitear investimentos dessa fonte de recursos para o pr&oacute;ximo ano.&nbsp;&nbsp;&nbsp;&nbsp; <o:p><\/o:p><\/p>\n<p class=\"MsoNormal\"><a href=\"http:\/\/botafm.blogspot.com\/\">http:\/\/botafm.blogspot.com\/<\/a><o:p><\/o:p><\/p>\n<p class=\"MsoNormal\">Reda&ccedil;&atilde;o<\/p>\n","protected":false},"excerpt":{"rendered":"<p>O Prefeito L\u00e9o Hernandes, esteve na semana passada na Capital Federal. Seu primeiro compromisso foi ainda na ter\u00e7a feira, no Minist\u00e9rio da Integra\u00e7\u00e3o Nacional, Secretaria Nacional de Defesa Civil. Acompanhado do Deputado Federal Zeca Dirceu, onde foi protocolado plano de trabalho que faz parte do processo j\u00e1 em andamento neste Minist\u00e9rio.<\/p>\n","protected":false},"author":1,"featured_media":26976,"comment_status":"open","ping_status":"open","sticky":false,"template":"","format":"standard","meta":{"footnotes":""},"categories":[1],"tags":[6209],"class_list":["post-26977","post","type-post","status-publish","format-standard","has-post-thumbnail","hentry","category-noticias-zeca-dirceu","tag-prefeito-leo-cobra-em-brasilia-liberacao-de-recursos-para-sao-tome"],"_links":{"self":[{"href":"https:\/\/teste.bsb.br\/zeca\/wp-json\/wp\/v2\/posts\/26977","targetHints":{"allow":["GET"]}}],"collection":[{"href":"https:\/\/teste.bsb.br\/zeca\/wp-json\/wp\/v2\/posts"}],"about":[{"href":"https:\/\/teste.bsb.br\/zeca\/wp-json\/wp\/v2\/types\/post"}],"author":[{"embeddable":true,"href":"https:\/\/teste.bsb.br\/zeca\/wp-json\/wp\/v2\/users\/1"}],"replies":[{"embeddable":true,"href":"https:\/\/teste.bsb.br\/zeca\/wp-json\/wp\/v2\/comments?post=26977"}],"version-history":[{"count":0,"href":"https:\/\/teste.bsb.br\/zeca\/wp-json\/wp\/v2\/posts\/26977\/revisions"}],"wp:featuredmedia":[{"embeddable":true,"href":"https:\/\/teste.bsb.br\/zeca\/wp-json\/wp\/v2\/media\/26976"}],"wp:attachment":[{"href":"https:\/\/teste.bsb.br\/zeca\/wp-json\/wp\/v2\/media?parent=26977"}],"wp:term":[{"taxonomy":"category","embeddable":true,"href":"https:\/\/teste.bsb.br\/zeca\/wp-json\/wp\/v2\/categories?post=26977"},{"taxonomy":"post_tag","embeddable":true,"href":"https:\/\/teste.bsb.br\/zeca\/wp-json\/wp\/v2\/tags?post=26977"}],"curies":[{"name":"wp","href":"https:\/\/api.w.org\/{rel}","templated":true}]}}