{"id":26973,"date":"2011-11-28T00:00:00","date_gmt":"2011-11-28T02:00:00","guid":{"rendered":"https:\/\/www.zecadirceu.com.br\/participacao-no-programa-tatu-na-tv-2\/"},"modified":"2011-11-28T00:00:00","modified_gmt":"2011-11-28T02:00:00","slug":"participacao-no-programa-tatu-na-tv-2","status":"publish","type":"post","link":"https:\/\/teste.bsb.br\/zeca\/participacao-no-programa-tatu-na-tv-2\/","title":{"rendered":"Participa\u00e7\u00e3o no Programa Tatu na TV"},"content":{"rendered":"<p>&nbsp;Hoje participei do Programa Tatu na TV, veiculado pela TV Caiu&aacute;, em Umuarama. Falei sobre as tratativas da &aacute;rea de sa&uacute;de para o munic&iacute;pio, que tamb&eacute;m beneficiar&aacute; toda a regi&atilde;o, como recursos para as obras do Hospital da Uopeccan de Umuarama, o aumento de 20% das verbas destinadas &agrave; Sa&uacute;de da cidade. Os recursos aprovados para os munic&iacute;pios da regi&atilde;o, com menos de 50 mil habitantes, na &aacute;rea de saneamento b&aacute;sico, para o melhoramento do Sistema de Esgotamento Sanit&aacute;rio e Sistema de Abastecimento de &Aacute;gua. As Academias de Sa&uacute;des com 100 munic&iacute;pios do estado atendidos.<\/p>\n","protected":false},"excerpt":{"rendered":"<p>Hoje participei do Programa Tatu na TV, veiculado pela TV Caiu\u00e1, em Umuarama. Falei sobre as tratativas da \u00e1rea de sa\u00fade para o munic\u00edpio, que tamb\u00e9m beneficiar\u00e1 toda a regi\u00e3o, como recursos para as obras do Hospital da Uopeccan de Umuarama, o aumento de 20% das verbas destinadas \u00e0 Sa\u00fade da cidade. Os recursos aprovados para os munic\u00edpios da regi\u00e3o, com menos de 50 mil habitantes, na \u00e1rea de saneamento b\u00e1sico, para o melhoramento do Sistema de Esgotamento Sanit\u00e1rio e Sistema de Abastecimento de \u00c1gua. As Academias de Sa\u00fades com 100 munic\u00edpios do estado atendidos.<\/p>\n","protected":false},"author":1,"featured_media":26972,"comment_status":"open","ping_status":"open","sticky":false,"template":"","format":"standard","meta":{"footnotes":""},"categories":[1],"tags":[6208],"class_list":["post-26973","post","type-post","status-publish","format-standard","has-post-thumbnail","hentry","category-noticias-zeca-dirceu","tag-participacao-no-programa-tatu-na-tv"],"_links":{"self":[{"href":"https:\/\/teste.bsb.br\/zeca\/wp-json\/wp\/v2\/posts\/26973","targetHints":{"allow":["GET"]}}],"collection":[{"href":"https:\/\/teste.bsb.br\/zeca\/wp-json\/wp\/v2\/posts"}],"about":[{"href":"https:\/\/teste.bsb.br\/zeca\/wp-json\/wp\/v2\/types\/post"}],"author":[{"embeddable":true,"href":"https:\/\/teste.bsb.br\/zeca\/wp-json\/wp\/v2\/users\/1"}],"replies":[{"embeddable":true,"href":"https:\/\/teste.bsb.br\/zeca\/wp-json\/wp\/v2\/comments?post=26973"}],"version-history":[{"count":0,"href":"https:\/\/teste.bsb.br\/zeca\/wp-json\/wp\/v2\/posts\/26973\/revisions"}],"wp:featuredmedia":[{"embeddable":true,"href":"https:\/\/teste.bsb.br\/zeca\/wp-json\/wp\/v2\/media\/26972"}],"wp:attachment":[{"href":"https:\/\/teste.bsb.br\/zeca\/wp-json\/wp\/v2\/media?parent=26973"}],"wp:term":[{"taxonomy":"category","embeddable":true,"href":"https:\/\/teste.bsb.br\/zeca\/wp-json\/wp\/v2\/categories?post=26973"},{"taxonomy":"post_tag","embeddable":true,"href":"https:\/\/teste.bsb.br\/zeca\/wp-json\/wp\/v2\/tags?post=26973"}],"curies":[{"name":"wp","href":"https:\/\/api.w.org\/{rel}","templated":true}]}}