{"id":26967,"date":"2011-11-28T00:00:00","date_gmt":"2011-11-28T02:00:00","guid":{"rendered":"https:\/\/www.zecadirceu.com.br\/zeca-dirceu-se-reune-com-liderancas-regionais-em-loanda\/"},"modified":"2011-11-28T00:00:00","modified_gmt":"2011-11-28T02:00:00","slug":"zeca-dirceu-se-reune-com-liderancas-regionais-em-loanda","status":"publish","type":"post","link":"https:\/\/teste.bsb.br\/zeca\/zeca-dirceu-se-reune-com-liderancas-regionais-em-loanda\/","title":{"rendered":"Zeca Dirceu se re\u00fane com  lideran\u00e7as regionais em Loanda"},"content":{"rendered":"<p>&nbsp;O deputado federal Zeca Dirceu (PT-PR) visitou a cidade de Loanda na &uacute;ltima quinta-feira, 24, e participou de uma reuni&atilde;o com lideran&ccedil;as de oito munic&iacute;pios daquela microrregi&atilde;o. No encontro, Zeca fez uma presta&ccedil;&atilde;o de contas do trabalho que vem desenvolvendo na C&acirc;mara dos Deputados e falou sobre os recursos do Governo Federal que est&atilde;o sendo direcionados para os munic&iacute;pios.<\/p>\n<p class=\"MsoNormal\"><o:p><\/o:p><\/p>\n<p class=\"MsoNormal\">&ldquo;Durante a campanha eu assumi o compromisso de fazer um mandato municipalista, e tenho lutado diariamente em Bras&iacute;lia para garantir o maior volume poss&iacute;vel de recursos para os munic&iacute;pios. E tamb&eacute;m tenho procurado, nos finais de semana, visitar as cidades para ouvir a popula&ccedil;&atilde;o e as lideran&ccedil;as sobre as necessidades de cada um&rdquo;, afirmou.<o:p><\/o:p><\/p>\n<p class=\"MsoNormal\">Na conversa com as lideran&ccedil;as, Zeca citou o exemplo de Loanda, que desde o in&iacute;cio deste ano j&aacute; garantiu recursos federais que ultrapassam a marca dos R$ 2 milh&otilde;es. Dentre eles est&aacute; a constru&ccedil;&atilde;o de uma supercreche no valor de R$ 1.325.625,00, dos quais a Prefeitura j&aacute; recebeu uma primeira parcela de R$ 265.125,00.<o:p><\/o:p><\/p>\n<p class=\"MsoNormal\">As emendas para o Or&ccedil;amento de 2012 tamb&eacute;m mereceram destaque na conversa com as lideran&ccedil;as. Zeca Dirceu lembrou que, pela primeira vez, os munic&iacute;pios com popula&ccedil;&atilde;o abaixo de 50 mil habitantes ter&atilde;o direito a apresentar as Emendas de Iniciativa Popular, cuja aplica&ccedil;&atilde;o de recursos ser&aacute; definida pela pr&oacute;pria popula&ccedil;&atilde;o e lideran&ccedil;as pol&iacute;ticas, em audi&ecirc;ncia p&uacute;blica.<\/p>\n","protected":false},"excerpt":{"rendered":"<p>O deputado federal Zeca Dirceu (PT-PR) visitou a cidade de Loanda na \u00faltima quinta-feira, 24, e participou de uma reuni\u00e3o com lideran\u00e7as de oito munic\u00edpios daquela microrregi\u00e3o. No encontro, Zeca fez uma presta\u00e7\u00e3o de contas do trabalho que vem desenvolvendo na C\u00e2mara dos Deputados e falou sobre os recursos do Governo Federal que est\u00e3o sendo direcionados para os munic\u00edpios.<\/p>\n","protected":false},"author":1,"featured_media":26966,"comment_status":"open","ping_status":"open","sticky":false,"template":"","format":"standard","meta":{"footnotes":""},"categories":[1],"tags":[6205],"class_list":["post-26967","post","type-post","status-publish","format-standard","has-post-thumbnail","hentry","category-noticias-zeca-dirceu","tag-zeca-dirceu-se-reune-com-liderancas-regionais-em-loanda"],"_links":{"self":[{"href":"https:\/\/teste.bsb.br\/zeca\/wp-json\/wp\/v2\/posts\/26967","targetHints":{"allow":["GET"]}}],"collection":[{"href":"https:\/\/teste.bsb.br\/zeca\/wp-json\/wp\/v2\/posts"}],"about":[{"href":"https:\/\/teste.bsb.br\/zeca\/wp-json\/wp\/v2\/types\/post"}],"author":[{"embeddable":true,"href":"https:\/\/teste.bsb.br\/zeca\/wp-json\/wp\/v2\/users\/1"}],"replies":[{"embeddable":true,"href":"https:\/\/teste.bsb.br\/zeca\/wp-json\/wp\/v2\/comments?post=26967"}],"version-history":[{"count":0,"href":"https:\/\/teste.bsb.br\/zeca\/wp-json\/wp\/v2\/posts\/26967\/revisions"}],"wp:featuredmedia":[{"embeddable":true,"href":"https:\/\/teste.bsb.br\/zeca\/wp-json\/wp\/v2\/media\/26966"}],"wp:attachment":[{"href":"https:\/\/teste.bsb.br\/zeca\/wp-json\/wp\/v2\/media?parent=26967"}],"wp:term":[{"taxonomy":"category","embeddable":true,"href":"https:\/\/teste.bsb.br\/zeca\/wp-json\/wp\/v2\/categories?post=26967"},{"taxonomy":"post_tag","embeddable":true,"href":"https:\/\/teste.bsb.br\/zeca\/wp-json\/wp\/v2\/tags?post=26967"}],"curies":[{"name":"wp","href":"https:\/\/api.w.org\/{rel}","templated":true}]}}