{"id":26955,"date":"2011-11-29T00:00:00","date_gmt":"2011-11-29T02:00:00","guid":{"rendered":"https:\/\/www.zecadirceu.com.br\/zeca-dirceu-municipios-recebem-investimentos-do-governo-federal-na-area-da-saude-2\/"},"modified":"2011-11-29T00:00:00","modified_gmt":"2011-11-29T02:00:00","slug":"zeca-dirceu-municipios-recebem-investimentos-do-governo-federal-na-area-da-saude-2","status":"publish","type":"post","link":"https:\/\/teste.bsb.br\/zeca\/zeca-dirceu-municipios-recebem-investimentos-do-governo-federal-na-area-da-saude-2\/","title":{"rendered":"Zeca Dirceu \u201cMunic\u00edpios recebem investimentos do governo federal, na \u00e1rea da sa\u00fade\u201d"},"content":{"rendered":"<p>&nbsp;Sa&uacute;de recebe emenda participativa<\/p>\n<p class=\"MsoNormal\"><o:p><\/o:p><\/p>\n<p class=\"MsoNormal\">O petista Zeca Dirceu, deputado pelo estado do Paran&aacute;, em entrevista discorre sobre a vota&ccedil;&atilde;o e regulamenta&ccedil;&atilde;o da Emenda 29 &#8211; que trata de mais recursos para a sa&uacute;de &ndash; e destaca que a emenda n&atilde;o &eacute; uma solu&ccedil;&atilde;o &uacute;nica e definitiva. Zeca Dirceu diz que foi um passo importante para os munic&iacute;pios que aumentam a cada ano seus investimentos na &aacute;rea da sa&uacute;de e esperavam h&aacute; quase 10 anos pela regulamenta&ccedil;&atilde;o da emenda.<o:p><\/o:p><\/p>\n<p class=\"MsoNormal\">&ldquo;A bancada do PT prop&ocirc;s a inclus&atilde;o de novas formas de financiamento para a &aacute;rea de sa&uacute;de, que foi rejeitada pelos demais partidos e acrescenta que a Bancada do PT propor&aacute; no futuro uma forma de arrecada&ccedil;&atilde;o que n&atilde;o onere com mais impostos, a parcela mais humilde da popula&ccedil;&atilde;o&rdquo; e exemplifica que &ldquo;em muitos pa&iacute;ses h&aacute; impostos sobre bens materiais e sobre grandes fortunas e acredita que o Brasil possa tamb&eacute;m evoluir neste sentido&rdquo;.<o:p><\/o:p><\/p>\n<p class=\"MsoNormal\">Questionado se o estado do Paran&aacute; investe com qualidade os recursos na &aacute;rea da sa&uacute;de o deputado &eacute; categ&oacute;rico em afirmar que n&atilde;o, e justifica. &ldquo;O Paran&aacute;, comparado aos demais estados da federa&ccedil;&atilde;o, mesmo sendo um dos mais ricos, &eacute; um dos estados que menos investe na &aacute;rea da sa&uacute;de. Numa analise aprofundada das contas do estado, nos &uacute;ltimos 10 anos, a m&eacute;dia de investimento, mesmo nos &uacute;ltimos anos, tem sido de aproximadamente 9% do montante arrecadado&rdquo;.<o:p><\/o:p><\/p>\n<p class=\"MsoNormal\">Com a aprova&ccedil;&atilde;o Emenda 29, segundo Zeca Dirceu, o Paran&aacute;, ter&aacute; novos investimentos. &ldquo;O estado vai ser obrigado a investir em torno de R$ 400 milh&otilde;es a mais na &aacute;rea da sa&uacute;de que n&atilde;o vinham sendo investidos&rdquo;.<o:p><\/o:p><\/p>\n<p class=\"MsoNormal\">Sobre os investimentos diretos dos programas federais na &aacute;rea da sa&uacute;de, o deputado informa que apesar dos ajustes fiscais que o Governo Federal teve que fazer neste ano, os mesmos n&atilde;o interferiram no setor e que a sa&uacute;de recebeu R$ 10 bilh&otilde;es, bem mais que em anos anteriores. &ldquo;A presidenta Dilma n&atilde;o s&oacute; manteve tr&ecirc;s a&ccedil;&otilde;es importantes do Governo do Presidente Lula, que &eacute; a constru&ccedil;&atilde;o das Unidades B&aacute;sicas da Sa&uacute;de, Constru&ccedil;&atilde;o das Unidades de Pronto Atendimentos (UPAs), aquisi&ccedil;&atilde;o de ve&iacute;culos e estrutura&ccedil;&atilde;o do SAMU&rdquo;.<o:p><\/o:p><\/p>\n<p class=\"MsoNormal\">&ldquo;Apenas em nosso estado est&atilde;o sendo inauguradas novas estruturas de sa&uacute;de, com o aporte de recursos federais, portanto o governo Dilma investe para que os munic&iacute;pios estruturem seus sistemas de sa&uacute;de e que estas a&ccedil;&otilde;es contam obviamente com da bancada do PT no Congresso Nacional&rdquo;.<o:p><\/o:p><\/p>\n<p class=\"MsoNormal\">Zeca Dirceu &eacute; enf&aacute;tico ao dizer que o papel dos prefeitos &eacute; fundamental. Cruzeiro do Oeste, localizada na regi&atilde;o Noroeste do Paran&aacute;, foi governada pelo deputado, por dois mandatos. S&oacute; na &aacute;rea da sa&uacute;de, na &eacute;poca, foram investidos na &aacute;rea de sa&uacute;de, 29% da arrecada&ccedil;&atilde;o municipal, o dobro do recomendado pela emenda 29. &ldquo;Tivemos a&ccedil;&otilde;es que foram amplas, atendendo toda a popula&ccedil;&atilde;o, al&eacute;m disso recebemos pr&ecirc;mios. O munic&iacute;pio recebeu do Minist&eacute;rio da Sa&uacute;de, da Secretaria Estadual da Sa&uacute;de, do Conselho Estadual de Sa&uacute;de e do Conselho Estadual de Odontologia, o pr&ecirc;mio de melhor sa&uacute;de bucal do Paran&aacute;, na disputa nacional do Pr&ecirc;mio Brasil Sorridente, ficamos em 4&ordm; lugar entre milhares de outros munic&iacute;pios brasileiros&rdquo;.<o:p><\/o:p><\/p>\n<p class=\"MsoNormal\"><o:p>&nbsp;<\/o:p><\/p>\n<p class=\"MsoNormal\">(Ana Claudia Luz Feltrim &ndash; R&aacute;dioPT e Adriano Lozado &ndash; Portal do PT)<\/p>\n<p class=\"MsoNormal\">Clique no endere&ccedil;o abaixo e veja a entrevista de &aacute;udio e v&iacute;deo na p&aacute;gina do PT.<\/p>\n<p><a href=\"http:\/\/www.pt.org.br\/index.php?\/noticias\/view\/zeca_dirceu_municipios_recebem_investimentos_do_governo_federal_na_area_da\" target=\"_blank\"><br \/>\n<font class=\"Apple-style-span\" color=\"#0000cc\" face=\"arial, sans-serif\" size=\"2\">http:\/\/www.pt.org.br\/index.<\/font><wbr><\/wbr><font class=\"Apple-style-span\" color=\"#0000cc\" face=\"arial, sans-serif\" size=\"2\">php?\/noticias\/view\/zeca_<\/font><wbr><\/wbr><font class=\"Apple-style-span\" color=\"#0000cc\" face=\"arial, sans-serif\" size=\"2\">dirceu_municipios_recebem_<\/font><wbr><\/wbr><font class=\"Apple-style-span\" color=\"#0000cc\" face=\"arial, sans-serif\" size=\"2\">investimentos_do_governo_<\/font><wbr><\/wbr><font class=\"Apple-style-span\" color=\"#0000cc\" face=\"arial, sans-serif\" size=\"2\">federal_na_area_da<\/font><\/a><\/p>\n","protected":false},"excerpt":{"rendered":"<p>O petista Zeca Dirceu, deputado pelo estado do Paran\u00e1, em entrevista discorre sobre a vota\u00e7\u00e3o e regulamenta\u00e7\u00e3o da Emenda 29 &#8211; que trata de mais recursos para a sa\u00fade \u2013 e destaca que a emenda n\u00e3o \u00e9 uma solu\u00e7\u00e3o \u00fanica e definitiva. Zeca Dirceu diz que foi um passo importante para os munic\u00edpios que aumentam a cada ano seus investimentos na \u00e1rea da sa\u00fade e esperavam h\u00e1 quase 10 anos pela regulamenta\u00e7\u00e3o da emenda.<\/p>\n","protected":false},"author":1,"featured_media":26954,"comment_status":"open","ping_status":"open","sticky":false,"template":"","format":"standard","meta":{"footnotes":""},"categories":[1],"tags":[6203,6202],"class_list":["post-26955","post","type-post","status-publish","format-standard","has-post-thumbnail","hentry","category-noticias-zeca-dirceu","tag-na-area-da-saude","tag-zeca-dirceu-municipios-recebem-investimentos-do-governo-federal"],"_links":{"self":[{"href":"https:\/\/teste.bsb.br\/zeca\/wp-json\/wp\/v2\/posts\/26955","targetHints":{"allow":["GET"]}}],"collection":[{"href":"https:\/\/teste.bsb.br\/zeca\/wp-json\/wp\/v2\/posts"}],"about":[{"href":"https:\/\/teste.bsb.br\/zeca\/wp-json\/wp\/v2\/types\/post"}],"author":[{"embeddable":true,"href":"https:\/\/teste.bsb.br\/zeca\/wp-json\/wp\/v2\/users\/1"}],"replies":[{"embeddable":true,"href":"https:\/\/teste.bsb.br\/zeca\/wp-json\/wp\/v2\/comments?post=26955"}],"version-history":[{"count":0,"href":"https:\/\/teste.bsb.br\/zeca\/wp-json\/wp\/v2\/posts\/26955\/revisions"}],"wp:featuredmedia":[{"embeddable":true,"href":"https:\/\/teste.bsb.br\/zeca\/wp-json\/wp\/v2\/media\/26954"}],"wp:attachment":[{"href":"https:\/\/teste.bsb.br\/zeca\/wp-json\/wp\/v2\/media?parent=26955"}],"wp:term":[{"taxonomy":"category","embeddable":true,"href":"https:\/\/teste.bsb.br\/zeca\/wp-json\/wp\/v2\/categories?post=26955"},{"taxonomy":"post_tag","embeddable":true,"href":"https:\/\/teste.bsb.br\/zeca\/wp-json\/wp\/v2\/tags?post=26955"}],"curies":[{"name":"wp","href":"https:\/\/api.w.org\/{rel}","templated":true}]}}