{"id":26951,"date":"2011-11-29T00:00:00","date_gmt":"2011-11-29T02:00:00","guid":{"rendered":"https:\/\/www.zecadirceu.com.br\/zeca-participa-do-ii-seminario-do-pre-territorio-consad-entre-rios\/"},"modified":"2011-11-29T00:00:00","modified_gmt":"2011-11-29T02:00:00","slug":"zeca-participa-do-ii-seminario-do-pre-territorio-consad-entre-rios","status":"publish","type":"post","link":"https:\/\/teste.bsb.br\/zeca\/zeca-participa-do-ii-seminario-do-pre-territorio-consad-entre-rios\/","title":{"rendered":"Zeca participa do II Semin\u00e1rio do Pr\u00e9-Territ\u00f3rio Consad Entre Rios"},"content":{"rendered":"<p>&nbsp;<span class=\"Apple-style-span\" style=\"font-family: verdana, sans-serif; font-size: 13px; \">O&nbsp;deputado federal Zeca Dirceu participou na sexta-feira, 25, do II Semin&aacute;rio do Pr&eacute;-Territ&oacute;rio Consad Entre Rios, realizado na cidade de Cianorte. O encontro contou com a participa&ccedil;&atilde;o de dezenas de prefeitos, vereadores e representantes do setor agr&iacute;cola, como o secret&aacute;rio estadual da Agricultura, Norberto Ortigara. <\/p>\n<p>Zeca Dirceu foi um dos precursores do movimento pela cria&ccedil;&atilde;o do Territ&oacute;rio de Entre Rios, ainda no ano de 2003, quando era gerente regional da Secretaria Estadual do Trabalho, e nos anos seguintes continuou lutando para tornar o territ&oacute;rio uma realidade. Zeca comenta os avan&ccedil;os que aconteceram ao longo dos anos.<\/p>\n<p><br type=\"_moz\" \/><br \/>\n<\/span><\/p>\n","protected":false},"excerpt":{"rendered":"<p>O deputado federal Zeca Dirceu participou na sexta-feira, 25, do II Semin\u00e1rio do Pr\u00e9-Territ\u00f3rio Consad Entre Rios, realizado na cidade de Cianorte. O encontro contou com a participa\u00e7\u00e3o de dezenas de prefeitos, vereadores e representantes do setor agr\u00edcola.Zeca Dirceu foi um dos precursores do movimento pela cria\u00e7\u00e3o do Territ\u00f3rio de Entre Rios, ainda no ano de 2003. Ou\u00e7am a entrevista com o deputado sobre os avan\u00e7os que aconteceram ao longo dos anos.<\/p>\n","protected":false},"author":1,"featured_media":26950,"comment_status":"open","ping_status":"open","sticky":false,"template":"","format":"standard","meta":{"footnotes":""},"categories":[1],"tags":[6201],"class_list":["post-26951","post","type-post","status-publish","format-standard","has-post-thumbnail","hentry","category-noticias-zeca-dirceu","tag-zeca-participa-do-ii-seminario-do-pre-territorio-consad-entre-rios"],"_links":{"self":[{"href":"https:\/\/teste.bsb.br\/zeca\/wp-json\/wp\/v2\/posts\/26951","targetHints":{"allow":["GET"]}}],"collection":[{"href":"https:\/\/teste.bsb.br\/zeca\/wp-json\/wp\/v2\/posts"}],"about":[{"href":"https:\/\/teste.bsb.br\/zeca\/wp-json\/wp\/v2\/types\/post"}],"author":[{"embeddable":true,"href":"https:\/\/teste.bsb.br\/zeca\/wp-json\/wp\/v2\/users\/1"}],"replies":[{"embeddable":true,"href":"https:\/\/teste.bsb.br\/zeca\/wp-json\/wp\/v2\/comments?post=26951"}],"version-history":[{"count":0,"href":"https:\/\/teste.bsb.br\/zeca\/wp-json\/wp\/v2\/posts\/26951\/revisions"}],"wp:featuredmedia":[{"embeddable":true,"href":"https:\/\/teste.bsb.br\/zeca\/wp-json\/wp\/v2\/media\/26950"}],"wp:attachment":[{"href":"https:\/\/teste.bsb.br\/zeca\/wp-json\/wp\/v2\/media?parent=26951"}],"wp:term":[{"taxonomy":"category","embeddable":true,"href":"https:\/\/teste.bsb.br\/zeca\/wp-json\/wp\/v2\/categories?post=26951"},{"taxonomy":"post_tag","embeddable":true,"href":"https:\/\/teste.bsb.br\/zeca\/wp-json\/wp\/v2\/tags?post=26951"}],"curies":[{"name":"wp","href":"https:\/\/api.w.org\/{rel}","templated":true}]}}