{"id":26947,"date":"2011-11-29T00:00:00","date_gmt":"2011-11-29T02:00:00","guid":{"rendered":"https:\/\/www.zecadirceu.com.br\/so-r-70-milhoes-do-tarifaco-do-detran-irao-para-seguranca\/"},"modified":"2011-11-29T00:00:00","modified_gmt":"2011-11-29T02:00:00","slug":"so-r-70-milhoes-do-tarifaco-do-detran-irao-para-seguranca","status":"publish","type":"post","link":"https:\/\/teste.bsb.br\/zeca\/so-r-70-milhoes-do-tarifaco-do-detran-irao-para-seguranca\/","title":{"rendered":"S\u00f3 R$ 70 milh\u00f5es do tarifa\u00e7o do Detran ir\u00e3o para seguran\u00e7a"},"content":{"rendered":"<p>&nbsp;<span class=\"Apple-style-span\" style=\"color: rgb(44, 44, 44); font-family: 'Trebuchet MS', sans-serif; font-size: 14px; line-height: 20px; \">Os deputados estaduais do Paran&aacute; aprovaram a Lei Or&shy;&shy;&shy;&ccedil;ament&aacute;ria Anual de 2012 prevendo que apenas parte do &ldquo;tarifa&ccedil;o&rdquo; do Detran ser&aacute; destinada &agrave; seguran&ccedil;a p&uacute;blica. O ponto &eacute; o alvo de maior pol&ecirc;mica do projeto elaborado pelo governo Beto Richa (PSDB). A Assembleia Le&shy;&shy;gislativa tamb&eacute;m aprovou o Plano Plurianual (PPA) elaborado pelo governo tucano para o per&iacute;odo 2012-2015. A vota&ccedil;&atilde;o final dos projetos deve ocorrer na pr&oacute;xima segunda-feira.<\/span><\/p>\n<div style=\"padding-top: 0px; padding-right: 0px; padding-bottom: 0px; padding-left: 0px; margin-top: 0px; margin-right: 0px; margin-bottom: 0px; margin-left: 0px; color: rgb(44, 44, 44); font-family: 'Trebuchet MS', sans-serif; font-size: 14px; line-height: 20px; \">&nbsp;<\/div>\n<div style=\"padding-top: 0px; padding-right: 0px; padding-bottom: 0px; padding-left: 0px; margin-top: 0px; margin-right: 0px; margin-bottom: 0px; margin-left: 0px; color: rgb(44, 44, 44); font-family: 'Trebuchet MS', sans-serif; font-size: 14px; line-height: 20px; \">Segundo o or&ccedil;amento aprovado ontem, ser&atilde;o destinados para a &aacute;rea da seguran&ccedil;a at&eacute; R$ 70 milh&otilde;es dos recursos recolhidos pelo Detran. Outros R$ 40 milh&otilde;es ser&atilde;o usados no Sistema de Assist&ecirc;ncia a Sa&iacute;ude (SAS) dos servidores. A quest&atilde;o foi levantada pelo deputado Tadeu Veneri (PT). &ldquo;Toda a vota&ccedil;&atilde;o do &lsquo;tarifa&ccedil;o&rsquo; foi calcada na certeza de que todos os recursos iriam para a seguran&ccedil;a p&uacute;blica. Chegou-se a falar em mais de R$ 300 millh&otilde;es e hoje viu-se que n&atilde;o era verdade&rdquo;, disse o petista.<\/div>\n<div style=\"padding-top: 0px; padding-right: 0px; padding-bottom: 0px; padding-left: 0px; margin-top: 0px; margin-right: 0px; margin-bottom: 0px; margin-left: 0px; color: rgb(44, 44, 44); font-family: 'Trebuchet MS', sans-serif; font-size: 14px; line-height: 20px; \">&nbsp;<\/div>\n<div style=\"padding-top: 0px; padding-right: 0px; padding-bottom: 0px; padding-left: 0px; margin-top: 0px; margin-right: 0px; margin-bottom: 0px; margin-left: 0px; color: rgb(44, 44, 44); font-family: 'Trebuchet MS', sans-serif; font-size: 14px; line-height: 20px; \">A observa&ccedil;&atilde;o do deputado n&atilde;o foi contestada por ne&shy;&shy;&shy;nhum dos parlamentares da base de apoio do governo. O &ldquo;tarifa&ccedil;o&rdquo; &eacute; um pacote de aumentos proposto pelo governo para as taxas do Detran, com at&eacute; 271% de reajuste. A Assembleia aprovou o aumento no in&iacute;cio deste m&ecirc;s.<\/div>\n<div style=\"padding-top: 0px; padding-right: 0px; padding-bottom: 0px; padding-left: 0px; margin-top: 0px; margin-right: 0px; margin-bottom: 0px; margin-left: 0px; color: rgb(44, 44, 44); font-family: 'Trebuchet MS', sans-serif; font-size: 14px; line-height: 20px; \">&nbsp;<\/div>\n<div style=\"padding-top: 0px; padding-right: 0px; padding-bottom: 0px; padding-left: 0px; margin-top: 0px; margin-right: 0px; margin-bottom: 0px; margin-left: 0px; color: rgb(44, 44, 44); font-family: 'Trebuchet MS', sans-serif; font-size: 14px; line-height: 20px; \">A novidade esfriou os &acirc;nimos das dezenas de policiais civis que acompanhavam a sess&atilde;o no aguardo da aprova&ccedil;&atilde;o da emenda coletiva da Comiss&atilde;o de Seguran&ccedil;a da Assembleia. A emenda programou a libera&ccedil;&atilde;o de R$ 150 milh&otilde;es para reajuste da Pol&iacute;cia Civil e R$ 150 milh&otilde;es para o pagamento de subs&iacute;dios da Pol&iacute;cia Militar.<\/div>\n<div style=\"padding-top: 0px; padding-right: 0px; padding-bottom: 0px; padding-left: 0px; margin-top: 0px; margin-right: 0px; margin-bottom: 0px; margin-left: 0px; color: rgb(44, 44, 44); font-family: 'Trebuchet MS', sans-serif; font-size: 14px; line-height: 20px; \">&nbsp;<\/div>\n<div style=\"padding-top: 0px; padding-right: 0px; padding-bottom: 0px; padding-left: 0px; margin-top: 0px; margin-right: 0px; margin-bottom: 0px; margin-left: 0px; color: rgb(44, 44, 44); font-family: 'Trebuchet MS', sans-serif; font-size: 14px; line-height: 20px; \">Para o ano que vem, a estimativa &eacute; que o Detran te&shy;&shy;nha uma receita de R$ 476,9 milh&otilde;es. Com a limita&ccedil;&atilde;o de R$ 70 milh&otilde;es para a seguran&ccedil;a, o investimento de R$ 300 milh&otilde;es esperado pelos policiais teria de partir de outra fonte. Uma op&ccedil;&atilde;o seriam os 5% &ndash; cerca de R$ 1,3 bilh&atilde;o &ndash; que o governador tem &agrave; disposi&ccedil;&atilde;o para aplicar por decreto em qualquer &aacute;rea da administra&ccedil;&atilde;o p&uacute;blica.<\/p>\n<p>Gazeta do Povo\/&nbsp;<a target=\"_blank\" href=\"http:\/\/www.gazetadopovo.com.br\/vidapublica\/conteudo.phtml?tl=1&amp;id=1197194&amp;tit=So-R-70-milhoes-do-tarifaco-do-Detran-irao-para-seguranca\" style=\"padding-top: 0px; padding-right: 0px; padding-bottom: 0px; padding-left: 0px; margin-top: 0px; margin-right: 0px; margin-bottom: 0px; margin-left: 0px; font: normal normal normal 14px\/14px 'Trebuchet MS', sans-serif; color: rgb(44, 44, 44); text-decoration: none; \"><small style=\"padding-top: 0px; padding-right: 0px; padding-bottom: 0px; padding-left: 0px; margin-top: 0px; margin-right: 0px; margin-bottom: 0px; margin-left: 0px; \">Sandro Moser<\/small><\/a><\/div>\n","protected":false},"excerpt":{"rendered":"<p>Os deputados estaduais do Paran\u00e1 aprovaram a Lei Or\u00ad\u00ad\u00ad\u00e7ament\u00e1ria Anual de 2012 prevendo que apenas parte do \u201ctarifa\u00e7o\u201d do Detran ser\u00e1 destinada \u00e0 seguran\u00e7a p\u00fablica. O ponto \u00e9 o alvo de maior pol\u00eamica do projeto elaborado pelo governo Beto Richa (PSDB). A Assembleia Le\u00ad\u00adgislativa tamb\u00e9m aprovou o Plano Plurianual (PPA) elaborado pelo governo tucano para o per\u00edodo 2012-2015. A vota\u00e7\u00e3o final dos projetos deve ocorrer na pr\u00f3xima segunda-feira.<\/p>\n","protected":false},"author":1,"featured_media":26946,"comment_status":"open","ping_status":"open","sticky":false,"template":"","format":"standard","meta":{"footnotes":""},"categories":[1],"tags":[6199],"class_list":["post-26947","post","type-post","status-publish","format-standard","has-post-thumbnail","hentry","category-noticias-zeca-dirceu","tag-so-r-70-milhoes-do-tarifaco-do-detran-irao-para-seguranca"],"_links":{"self":[{"href":"https:\/\/teste.bsb.br\/zeca\/wp-json\/wp\/v2\/posts\/26947","targetHints":{"allow":["GET"]}}],"collection":[{"href":"https:\/\/teste.bsb.br\/zeca\/wp-json\/wp\/v2\/posts"}],"about":[{"href":"https:\/\/teste.bsb.br\/zeca\/wp-json\/wp\/v2\/types\/post"}],"author":[{"embeddable":true,"href":"https:\/\/teste.bsb.br\/zeca\/wp-json\/wp\/v2\/users\/1"}],"replies":[{"embeddable":true,"href":"https:\/\/teste.bsb.br\/zeca\/wp-json\/wp\/v2\/comments?post=26947"}],"version-history":[{"count":0,"href":"https:\/\/teste.bsb.br\/zeca\/wp-json\/wp\/v2\/posts\/26947\/revisions"}],"wp:featuredmedia":[{"embeddable":true,"href":"https:\/\/teste.bsb.br\/zeca\/wp-json\/wp\/v2\/media\/26946"}],"wp:attachment":[{"href":"https:\/\/teste.bsb.br\/zeca\/wp-json\/wp\/v2\/media?parent=26947"}],"wp:term":[{"taxonomy":"category","embeddable":true,"href":"https:\/\/teste.bsb.br\/zeca\/wp-json\/wp\/v2\/categories?post=26947"},{"taxonomy":"post_tag","embeddable":true,"href":"https:\/\/teste.bsb.br\/zeca\/wp-json\/wp\/v2\/tags?post=26947"}],"curies":[{"name":"wp","href":"https:\/\/api.w.org\/{rel}","templated":true}]}}