{"id":26927,"date":"2011-11-29T00:00:00","date_gmt":"2011-11-29T02:00:00","guid":{"rendered":"https:\/\/www.zecadirceu.com.br\/pt-de-toledo-realiza-confraternizacao-para-encerramento-das-atividades-de-2011\/"},"modified":"2011-11-29T00:00:00","modified_gmt":"2011-11-29T02:00:00","slug":"pt-de-toledo-realiza-confraternizacao-para-encerramento-das-atividades-de-2011","status":"publish","type":"post","link":"https:\/\/teste.bsb.br\/zeca\/pt-de-toledo-realiza-confraternizacao-para-encerramento-das-atividades-de-2011\/","title":{"rendered":"PT de Toledo realiza confraterniza\u00e7\u00e3o para encerramento das atividades de 2011"},"content":{"rendered":"<p>&nbsp;<span class=\"Apple-style-span\" style=\"color: rgb(44, 44, 44); font-family: 'Trebuchet MS', sans-serif; font-size: 14px; line-height: 20px; \">O Diret&oacute;rio Municipal de Toledo convida os companheiros e companheiras para a confraterniza&ccedil;&atilde;o entre os filiados e simpatizantes nesta sexta-feira (02\/12). O evento marcar&aacute; o encerramento das atividades partid&aacute;rias de 2011.<\/span><\/p>\n<div style=\"padding-top: 0px; padding-right: 0px; padding-bottom: 0px; padding-left: 0px; margin-top: 0px; margin-right: 0px; margin-bottom: 0px; margin-left: 0px; color: rgb(44, 44, 44); font-family: 'Trebuchet MS', sans-serif; font-size: 14px; line-height: 20px; \">&nbsp;<\/div>\n<div style=\"padding-top: 0px; padding-right: 0px; padding-bottom: 0px; padding-left: 0px; margin-top: 0px; margin-right: 0px; margin-bottom: 0px; margin-left: 0px; color: rgb(44, 44, 44); font-family: 'Trebuchet MS', sans-serif; font-size: 14px; line-height: 20px; \">O PT de Toledo tem como objetivo reunir, pelo menos, 700 pessoas. Na confraterniza&ccedil;&atilde;o ser&atilde;o realizados pronunciamentos de autoridades regionais e locais e servido um jantar.<\/div>\n<div style=\"padding-top: 0px; padding-right: 0px; padding-bottom: 0px; padding-left: 0px; margin-top: 0px; margin-right: 0px; margin-bottom: 0px; margin-left: 0px; color: rgb(44, 44, 44); font-family: 'Trebuchet MS', sans-serif; font-size: 14px; line-height: 20px; \">&nbsp;<\/div>\n<div style=\"padding-top: 0px; padding-right: 0px; padding-bottom: 0px; padding-left: 0px; margin-top: 0px; margin-right: 0px; margin-bottom: 0px; margin-left: 0px; color: rgb(44, 44, 44); font-family: 'Trebuchet MS', sans-serif; font-size: 14px; line-height: 20px; \">O jantar ter&aacute; o custo de R$ 8 por pessoa e as fichas podem ser compradas at&eacute; quarta-feira (30), na sede do , com a Daniela ou pelo telefone (45) 3054-7486.<\/div>\n<div style=\"padding-top: 0px; padding-right: 0px; padding-bottom: 0px; padding-left: 0px; margin-top: 0px; margin-right: 0px; margin-bottom: 0px; margin-left: 0px; color: rgb(44, 44, 44); font-family: 'Trebuchet MS', sans-serif; font-size: 14px; line-height: 20px; \">&nbsp;<\/div>\n<div style=\"padding-top: 0px; padding-right: 0px; padding-bottom: 0px; padding-left: 0px; margin-top: 0px; margin-right: 0px; margin-bottom: 0px; margin-left: 0px; color: rgb(44, 44, 44); font-family: 'Trebuchet MS', sans-serif; font-size: 14px; line-height: 20px; \">A confraterniza&ccedil;&atilde;o ser&aacute; a partir das 20 horas, no sal&atilde;o paroquial da Igreja S&atilde;o Jos&eacute; do Oper&aacute;rio, na Vila Pioneiro.<\/p>\n<p>Portal PT PR<\/p><\/div>\n","protected":false},"excerpt":{"rendered":"<p>O Diret\u00f3rio Municipal de Toledo convida os companheiros e companheiras para a confraterniza\u00e7\u00e3o entre os filiados e simpatizantes nesta sexta-feira (02\/12). O evento marcar\u00e1 o encerramento das atividades partid\u00e1rias de 2011.<\/p>\n","protected":false},"author":1,"featured_media":26926,"comment_status":"open","ping_status":"open","sticky":false,"template":"","format":"standard","meta":{"footnotes":""},"categories":[1],"tags":[6190],"class_list":["post-26927","post","type-post","status-publish","format-standard","has-post-thumbnail","hentry","category-noticias-zeca-dirceu","tag-pt-de-toledo-realiza-confraternizacao-para-encerramento-das-atividades-de-2011"],"_links":{"self":[{"href":"https:\/\/teste.bsb.br\/zeca\/wp-json\/wp\/v2\/posts\/26927","targetHints":{"allow":["GET"]}}],"collection":[{"href":"https:\/\/teste.bsb.br\/zeca\/wp-json\/wp\/v2\/posts"}],"about":[{"href":"https:\/\/teste.bsb.br\/zeca\/wp-json\/wp\/v2\/types\/post"}],"author":[{"embeddable":true,"href":"https:\/\/teste.bsb.br\/zeca\/wp-json\/wp\/v2\/users\/1"}],"replies":[{"embeddable":true,"href":"https:\/\/teste.bsb.br\/zeca\/wp-json\/wp\/v2\/comments?post=26927"}],"version-history":[{"count":0,"href":"https:\/\/teste.bsb.br\/zeca\/wp-json\/wp\/v2\/posts\/26927\/revisions"}],"wp:featuredmedia":[{"embeddable":true,"href":"https:\/\/teste.bsb.br\/zeca\/wp-json\/wp\/v2\/media\/26926"}],"wp:attachment":[{"href":"https:\/\/teste.bsb.br\/zeca\/wp-json\/wp\/v2\/media?parent=26927"}],"wp:term":[{"taxonomy":"category","embeddable":true,"href":"https:\/\/teste.bsb.br\/zeca\/wp-json\/wp\/v2\/categories?post=26927"},{"taxonomy":"post_tag","embeddable":true,"href":"https:\/\/teste.bsb.br\/zeca\/wp-json\/wp\/v2\/tags?post=26927"}],"curies":[{"name":"wp","href":"https:\/\/api.w.org\/{rel}","templated":true}]}}