{"id":26921,"date":"2011-11-30T00:00:00","date_gmt":"2011-11-30T02:00:00","guid":{"rendered":"https:\/\/www.zecadirceu.com.br\/projovem-urbano-recebe-inscricoes-ate-quinta-feira\/"},"modified":"2011-11-30T00:00:00","modified_gmt":"2011-11-30T02:00:00","slug":"projovem-urbano-recebe-inscricoes-ate-quinta-feira","status":"publish","type":"post","link":"https:\/\/teste.bsb.br\/zeca\/projovem-urbano-recebe-inscricoes-ate-quinta-feira\/","title":{"rendered":"Projovem Urbano recebe inscri\u00e7\u00f5es at\u00e9 quinta-feira"},"content":{"rendered":"<p>&nbsp;<span class=\"Apple-style-span\" style=\"color: rgb(40, 49, 48); font-family: Arial, Helvetica, sans-serif; font-size: 16px; line-height: 17px; \">Os estados, o Distrito Federal e os munic&iacute;pios com mais de 100 mil habitantes t&ecirc;m at&eacute; a pr&oacute;xima quinta-feira (1&ordm;) para aderir ao Programa Nacional de Inclus&atilde;o de Jovens (Projovem Urbano). O programa foi institu&iacute;do em 2005 para garantir a eleva&ccedil;&atilde;o da escolaridade, a qualifica&ccedil;&atilde;o profissional inicial e a inclus&atilde;o cidad&atilde; dos jovens das cidades. Com uma abordagem pedag&oacute;gica voltada para as viv&ecirc;ncias dos jovens que deixaram a escola precocemente, o ProJovem conta com a participa&ccedil;&atilde;o da sociedade civil, das universidades, de especialistas em pol&iacute;ticas de juventude e gestores estaduais e municipais.&nbsp;<br \/>\n<\/span><\/p>\n<p style=\"margin-top: 0px; margin-right: 0px; margin-bottom: 0px; margin-left: 0px; padding-top: 0px; padding-right: 0px; padding-bottom: 18px; padding-left: 0px; border-top-width: 0px; border-right-width: 0px; border-bottom-width: 0px; border-left-width: 0px; border-style: initial; border-color: initial; outline-width: 0px; outline-style: initial; outline-color: initial; vertical-align: baseline; background-image: initial; background-attachment: initial; background-origin: initial; background-clip: initial; font: normal normal normal 1.3em\/normal Arial, Helvetica, sans-serif; color: rgb(40, 49, 48); line-height: 17px; \">\nInforma&ccedil;&otilde;es:&nbsp;<a class=\"external-link first-child last-child\" href=\"mailto:secadi@mec.gov.br\" style=\"margin-top: 0px; margin-right: 0px; margin-bottom: 0px; margin-left: 0px; padding-top: 0px; padding-right: 12px; padding-bottom: 0px; padding-left: 0px; border-top-width: 0px; border-right-width: 0px; border-bottom-width: 0px; border-left-width: 0px; border-style: initial; border-color: initial; outline-width: 0px; outline-style: initial; outline-color: initial; vertical-align: baseline; background-image: url(http:\/\/www.secom.gov.br\/portal_css\/Secom\/bg\/linkExterno.gif); background-attachment: initial; background-origin: initial; background-clip: initial; background-color: initial; color: rgb(23, 67, 155); background-position: 100% 50%; background-repeat: no-repeat no-repeat; \">secadi@mec.gov.br<\/a><\/p>\n<p style=\"margin-top: 0px; margin-right: 0px; margin-bottom: 0px; margin-left: 0px; padding-top: 0px; padding-right: 0px; padding-bottom: 18px; padding-left: 0px; border-top-width: 0px; border-right-width: 0px; border-bottom-width: 0px; border-left-width: 0px; border-style: initial; border-color: initial; outline-width: 0px; outline-style: initial; outline-color: initial; vertical-align: baseline; background-image: initial; background-attachment: initial; background-origin: initial; background-clip: initial; font: normal normal normal 1.3em\/normal Arial, Helvetica, sans-serif; color: rgb(40, 49, 48); line-height: 17px; \">Inscri&ccedil;&otilde;es&nbsp;<a class=\"external-link first-child last-child\" href=\"http:\/\/simec.mec.gov.br\/\" target=\"_blank\" style=\"margin-top: 0px; margin-right: 0px; margin-bottom: 0px; margin-left: 0px; padding-top: 0px; padding-right: 12px; padding-bottom: 0px; padding-left: 0px; border-top-width: 0px; border-right-width: 0px; border-bottom-width: 0px; border-left-width: 0px; border-style: initial; border-color: initial; outline-width: 0px; outline-style: initial; outline-color: initial; vertical-align: baseline; background-image: url(http:\/\/www.secom.gov.br\/portal_css\/Secom\/bg\/linkExterno.gif); background-attachment: initial; background-origin: initial; background-clip: initial; background-color: initial; color: rgb(23, 67, 155); background-position: 100% 50%; background-repeat: no-repeat no-repeat; \">aqui&nbsp;<\/a><\/p>\n","protected":false},"excerpt":{"rendered":"<p>Os estados, o Distrito Federal e os munic\u00edpios com mais de 100 mil habitantes t\u00eam at\u00e9 a pr\u00f3xima quinta-feira (1\u00ba) para aderir ao Programa Nacional de Inclus\u00e3o de Jovens (Projovem Urbano). O programa foi institu\u00eddo em 2005 para garantir a eleva\u00e7\u00e3o da escolaridade, a qualifica\u00e7\u00e3o profissional inicial e a inclus\u00e3o cidad\u00e3 dos jovens das cidades. Com uma abordagem pedag\u00f3gica voltada para as viv\u00eancias dos jovens que deixaram a escola precocemente, o ProJovem conta com a participa\u00e7\u00e3o da sociedade civil, das universidades, de especialistas em pol\u00edticas de juventude e gestores estaduais e municipais.<\/p>\n","protected":false},"author":1,"featured_media":26920,"comment_status":"open","ping_status":"open","sticky":false,"template":"","format":"standard","meta":{"footnotes":""},"categories":[1],"tags":[6188],"class_list":["post-26921","post","type-post","status-publish","format-standard","has-post-thumbnail","hentry","category-noticias-zeca-dirceu","tag-projovem-urbano-recebe-inscricoes-ate-quinta-feira"],"_links":{"self":[{"href":"https:\/\/teste.bsb.br\/zeca\/wp-json\/wp\/v2\/posts\/26921","targetHints":{"allow":["GET"]}}],"collection":[{"href":"https:\/\/teste.bsb.br\/zeca\/wp-json\/wp\/v2\/posts"}],"about":[{"href":"https:\/\/teste.bsb.br\/zeca\/wp-json\/wp\/v2\/types\/post"}],"author":[{"embeddable":true,"href":"https:\/\/teste.bsb.br\/zeca\/wp-json\/wp\/v2\/users\/1"}],"replies":[{"embeddable":true,"href":"https:\/\/teste.bsb.br\/zeca\/wp-json\/wp\/v2\/comments?post=26921"}],"version-history":[{"count":0,"href":"https:\/\/teste.bsb.br\/zeca\/wp-json\/wp\/v2\/posts\/26921\/revisions"}],"wp:featuredmedia":[{"embeddable":true,"href":"https:\/\/teste.bsb.br\/zeca\/wp-json\/wp\/v2\/media\/26920"}],"wp:attachment":[{"href":"https:\/\/teste.bsb.br\/zeca\/wp-json\/wp\/v2\/media?parent=26921"}],"wp:term":[{"taxonomy":"category","embeddable":true,"href":"https:\/\/teste.bsb.br\/zeca\/wp-json\/wp\/v2\/categories?post=26921"},{"taxonomy":"post_tag","embeddable":true,"href":"https:\/\/teste.bsb.br\/zeca\/wp-json\/wp\/v2\/tags?post=26921"}],"curies":[{"name":"wp","href":"https:\/\/api.w.org\/{rel}","templated":true}]}}