{"id":26919,"date":"2011-11-30T00:00:00","date_gmt":"2011-11-30T02:00:00","guid":{"rendered":"https:\/\/www.zecadirceu.com.br\/brasil-na-cop-17-pode-ser-acompanhado-na-internet\/"},"modified":"2011-11-30T00:00:00","modified_gmt":"2011-11-30T02:00:00","slug":"brasil-na-cop-17-pode-ser-acompanhado-na-internet","status":"publish","type":"post","link":"https:\/\/teste.bsb.br\/zeca\/brasil-na-cop-17-pode-ser-acompanhado-na-internet\/","title":{"rendered":"Brasil na COP 17 pode ser acompanhado na internet"},"content":{"rendered":"<p>&nbsp;<span class=\"Apple-style-span\" style=\"color: rgb(40, 49, 48); font-family: Arial, Helvetica, sans-serif; font-size: 13px; line-height: 17px; \">Cidad&atilde;os podem acompanhar pela internet a participa&ccedil;&atilde;o do Brasil na Confer&ecirc;ncia das Na&ccedil;&otilde;es Unidas sobre o Clima (COP17), que acontece at&eacute; 9 de dezembro em Durban, na &Aacute;frica do Sul. O governo brasileiro lan&ccedil;ou, na ter&ccedil;a-feira (29),&nbsp;<\/span><a class=\"external-link first-child\" href=\"http:\/\/www.brasil.gov.br\/cop17\" target=\"_blank\" style=\"margin-top: 0px; margin-right: 0px; margin-bottom: 0px; margin-left: 0px; padding-top: 0px; padding-right: 12px; padding-bottom: 0px; padding-left: 0px; border-top-width: 0px; border-right-width: 0px; border-bottom-width: 0px; border-left-width: 0px; border-style: initial; border-color: initial; outline-width: 0px; outline-style: initial; outline-color: initial; vertical-align: baseline; background-image: url(http:\/\/www.secom.gov.br\/portal_css\/Secom\/bg\/linkExterno.gif); background-attachment: initial; background-origin: initial; background-clip: initial; color: rgb(23, 67, 155); font-family: Arial, Helvetica, sans-serif; font-size: 13px; line-height: 17px; background-position: 100% 50%; background-repeat: no-repeat no-repeat; \">p&aacute;gina eletr&ocirc;nica<\/a><span class=\"Apple-style-span\" style=\"color: rgb(40, 49, 48); font-family: Arial, Helvetica, sans-serif; font-size: 13px; line-height: 17px; \">&nbsp;, dispon&iacute;vel em portugu&ecirc;s, ingl&ecirc;s e espanhol, com informa&ccedil;&otilde;es di&aacute;rias sobre o evento. Mais de 20 mil delegados e observadores de quase 200 pa&iacute;ses, organiza&ccedil;&otilde;es internacionais e representantes da sociedade civil participam dos debates para estabelecer um novo acordo global para redu&ccedil;&atilde;o dos gases causadores do efeito estufa, pois o atual, conhecido como Protocolo de Kyoto, expira em 2012. Tamb&eacute;m &eacute; poss&iacute;vel se atualizar sobre o Brasil na COP17 pelo<\/span><a class=\"external-link\" href=\"http:\/\/twitter.com\/brazil_portal\" target=\"_blank\" style=\"margin-top: 0px; margin-right: 0px; margin-bottom: 0px; margin-left: 0px; padding-top: 0px; padding-right: 12px; padding-bottom: 0px; padding-left: 0px; border-top-width: 0px; border-right-width: 0px; border-bottom-width: 0px; border-left-width: 0px; border-style: initial; border-color: initial; outline-width: 0px; outline-style: initial; outline-color: initial; vertical-align: baseline; background-image: url(http:\/\/www.secom.gov.br\/portal_css\/Secom\/bg\/linkExterno.gif); background-attachment: initial; background-origin: initial; background-clip: initial; color: rgb(23, 67, 155); font-family: Arial, Helvetica, sans-serif; font-size: 13px; line-height: 17px; background-position: 100% 50%; background-repeat: no-repeat no-repeat; \">Twitter<\/a><span class=\"Apple-style-span\" style=\"color: rgb(40, 49, 48); font-family: Arial, Helvetica, sans-serif; font-size: 13px; line-height: 17px; \">&nbsp;&nbsp;e&nbsp;<\/span><a class=\"external-link last-child\" href=\"http:\/\/www.facebook.com\/BrazilCop17\" target=\"_blank\" style=\"margin-top: 0px; margin-right: 0px; margin-bottom: 0px; margin-left: 0px; padding-top: 0px; padding-right: 12px; padding-bottom: 0px; padding-left: 0px; border-top-width: 0px; border-right-width: 0px; border-bottom-width: 0px; border-left-width: 0px; border-style: initial; border-color: initial; outline-width: 0px; outline-style: initial; outline-color: initial; vertical-align: baseline; background-image: url(http:\/\/www.secom.gov.br\/portal_css\/Secom\/bg\/linkExterno.gif); background-attachment: initial; background-origin: initial; background-clip: initial; color: rgb(23, 67, 155); font-family: Arial, Helvetica, sans-serif; font-size: 13px; line-height: 17px; background-position: 100% 50%; background-repeat: no-repeat no-repeat; \">Facebook&nbsp;<\/a><\/p>\n","protected":false},"excerpt":{"rendered":"<p>Cidad\u00e3os podem acompanhar pela internet a participa\u00e7\u00e3o do Brasil na Confer\u00eancia das Na\u00e7\u00f5es Unidas sobre o Clima (COP17), que acontece at\u00e9 9 de dezembro em Durban, na \u00c1frica do Sul. O governo brasileiro lan\u00e7ou, na ter\u00e7a-feira (29), p\u00e1gina eletr\u00f4nica , dispon\u00edvel em portugu\u00eas, ingl\u00eas e espanhol, com informa\u00e7\u00f5es di\u00e1rias sobre o evento.<\/p>\n","protected":false},"author":1,"featured_media":26918,"comment_status":"open","ping_status":"open","sticky":false,"template":"","format":"standard","meta":{"footnotes":""},"categories":[1],"tags":[6187],"class_list":["post-26919","post","type-post","status-publish","format-standard","has-post-thumbnail","hentry","category-noticias-zeca-dirceu","tag-brasil-na-cop-17-pode-ser-acompanhado-na-internet"],"_links":{"self":[{"href":"https:\/\/teste.bsb.br\/zeca\/wp-json\/wp\/v2\/posts\/26919","targetHints":{"allow":["GET"]}}],"collection":[{"href":"https:\/\/teste.bsb.br\/zeca\/wp-json\/wp\/v2\/posts"}],"about":[{"href":"https:\/\/teste.bsb.br\/zeca\/wp-json\/wp\/v2\/types\/post"}],"author":[{"embeddable":true,"href":"https:\/\/teste.bsb.br\/zeca\/wp-json\/wp\/v2\/users\/1"}],"replies":[{"embeddable":true,"href":"https:\/\/teste.bsb.br\/zeca\/wp-json\/wp\/v2\/comments?post=26919"}],"version-history":[{"count":0,"href":"https:\/\/teste.bsb.br\/zeca\/wp-json\/wp\/v2\/posts\/26919\/revisions"}],"wp:featuredmedia":[{"embeddable":true,"href":"https:\/\/teste.bsb.br\/zeca\/wp-json\/wp\/v2\/media\/26918"}],"wp:attachment":[{"href":"https:\/\/teste.bsb.br\/zeca\/wp-json\/wp\/v2\/media?parent=26919"}],"wp:term":[{"taxonomy":"category","embeddable":true,"href":"https:\/\/teste.bsb.br\/zeca\/wp-json\/wp\/v2\/categories?post=26919"},{"taxonomy":"post_tag","embeddable":true,"href":"https:\/\/teste.bsb.br\/zeca\/wp-json\/wp\/v2\/tags?post=26919"}],"curies":[{"name":"wp","href":"https:\/\/api.w.org\/{rel}","templated":true}]}}