{"id":26917,"date":"2011-11-30T00:00:00","date_gmt":"2011-11-30T02:00:00","guid":{"rendered":"https:\/\/www.zecadirceu.com.br\/altonia-comemora-43-anos-com-shows-e-festa\/"},"modified":"2011-11-30T00:00:00","modified_gmt":"2011-11-30T02:00:00","slug":"altonia-comemora-43-anos-com-shows-e-festa","status":"publish","type":"post","link":"https:\/\/teste.bsb.br\/zeca\/altonia-comemora-43-anos-com-shows-e-festa\/","title":{"rendered":"Alt\u00f4nia comemora 43 anos com shows e festa"},"content":{"rendered":"<p>&nbsp;<span class=\"Apple-style-span\" style=\"font-family: 'Trebuchet MS', ARIAL; \">Ser&aacute; aberta no pr&oacute;ximo s&aacute;bado, 03, a programa&ccedil;&atilde;o do 43&ordm; anivers&aacute;rio de Alt&ocirc;nia. A programa&ccedil;&atilde;o ter&aacute; uma s&eacute;rie de atra&ccedil;&otilde;es at&eacute; odia 11. Ponto alto ser&atilde;o os shows com Andr&eacute; Valad&atilde;o, neste s&aacute;bado, a abertura das atividades de Natal e a 21&ordf; Festa do Pe&atilde;o Boiadeiro que ser&aacute; realizada junto com a Expo Alt&ocirc;nia entre os dias 8 e 11 pr&oacute;ximos.<\/p>\n<p>Para o prefeito Pedrinho da Mata, &eacute; uma programa&ccedil;&atilde;o ampla e com v&aacute;rias atra&ccedil;&otilde;es para atender a toda a comunidade. Ele faz quest&atilde;o de convidar toda a comunidade local e regional para prestigiar as festividades.&nbsp;<\/span><br style=\"font-family: 'Trebuchet MS', ARIAL; text-align: justify; \" \/><br \/>\n<span class=\"Apple-style-span\" style=\"font-family: 'Trebuchet MS', ARIAL; text-align: justify; \"><br \/>\nNo pr&oacute;ximo s&aacute;bado ser&aacute; realizado o mega show tendo como atra&ccedil;&atilde;o principal o show de Andr&eacute; Valad&atilde;o. A noite vai come&ccedil;ar a ser movimentada no parque de exposi&ccedil;&otilde;es da Sociedade Rural de Alt&ocirc;nia a partir das 18 horas com a abertura dos port&otilde;es e in&iacute;cio das apresenta&ccedil;&otilde;es no palco 2. Por volta das 20h30 ocorre a solenidade de abertura do show principal no palco 1 e &agrave;s 21 horas Valad&atilde;o sobe ao palco, juntamente com a sua banda. &Agrave;s 23 horas voltam as apresenta&ccedil;&otilde;es no palco 2.&nbsp;<br \/>\n<\/span><br style=\"font-family: 'Trebuchet MS', ARIAL; text-align: justify; \" \/><br \/>\n<span class=\"Apple-style-span\" style=\"font-family: 'Trebuchet MS', ARIAL; text-align: justify; \">Segundo os organizadores, v&aacute;rias caravanas j&aacute; foram confirmadas e vir&atilde;o do Mato Grosso do Sul, Paraguai e outras cidades das regi&otilde;es Noroeste e Oeste do Paran&aacute;. Este movimento est&aacute; acontecendo porque o cantor Andr&eacute; Valad&atilde;o &eacute; um dos cantores crist&atilde;os mais conhecidos do Brasil e j&aacute; levou milh&otilde;es em seus shows. O cantor &eacute; seguido por mais de 300 mil pessoas no Twitter e seus v&iacute;deos no seu canal oficial no Youtube j&aacute; tiveram mais de 11 milh&otilde;es de exibi&ccedil;&otilde;es. Ao todo j&aacute; vendeu mais de 1,5 milh&atilde;o de Cds e mais de 200 mil DVDs e foi duas vezes indicado ao Grammy Latino. Em Alt&ocirc;nia, Andr&eacute; Valad&atilde;o apresentar&aacute; sua Turn&ecirc; F&eacute;, do DVD de mesmo nome que foi gravado ao vivo com a presen&ccedil;a de mais de 80 mil pessoas na Praia da Costa, em Vila Velha no Esp&iacute;rito Santo. Os ingressos custam R$ 10,00 antecipados e R$ 15,00 na hora.&nbsp;<\/span><br style=\"font-family: 'Trebuchet MS', ARIAL; text-align: justify; \" \/><br \/>\n<span class=\"Apple-style-span\" style=\"font-family: 'Trebuchet MS', ARIAL; text-align: justify; \"><br \/>\nAtra&ccedil;&otilde;es de domingo&nbsp;<br \/>\n<\/span><br style=\"font-family: 'Trebuchet MS', ARIAL; text-align: justify; \" \/><br \/>\n<span class=\"Apple-style-span\" style=\"font-family: 'Trebuchet MS', ARIAL; text-align: justify; \">No pr&oacute;ximo domingo a programa&ccedil;&atilde;o prossegue com desfile aleg&oacute;rico de anivers&aacute;rio &agrave;s 17h30 na avenida XV de Novembro; em seguida Pedrinho da Mata e outras autoridades inauguram obras na pra&ccedil;a Carlos Gomes; depois haver&aacute; a abertura das decora&ccedil;&otilde;es natalinas na cidade; &agrave;s 21 horas ocorre a queima de fogos e em seguida tem o show com a banda Edi&ccedil;&atilde;o Especial.&nbsp;<br \/>\n<\/span><br style=\"font-family: 'Trebuchet MS', ARIAL; text-align: justify; \" \/><br \/>\n<span class=\"Apple-style-span\" style=\"font-family: 'Trebuchet MS', ARIAL; text-align: justify; \">Festa do Pe&atilde;o&nbsp;<br \/>\n<\/span><br style=\"font-family: 'Trebuchet MS', ARIAL; text-align: justify; \" \/><br \/>\n<span class=\"Apple-style-span\" style=\"font-family: 'Trebuchet MS', ARIAL; text-align: justify; \">A Expo Alt&ocirc;nia e Festa do Pe&atilde;o ser&atilde;o abertas no dia 8 e j&aacute; no dia 9 tem show com Thaeme &amp; Thiago, no dia 10 tem Humberto e Ronaldo e no domingo dia 11 Felipe e Falc&atilde;o. Todas as noites haver&aacute; show pirot&eacute;cnico. Ser&atilde;o entregues mais de R$ 30 mil em pr&ecirc;mios.&nbsp;<br \/>\n<\/span><br style=\"font-family: 'Trebuchet MS', ARIAL; text-align: justify; \" \/><br \/>\n<span class=\"Apple-style-span\" style=\"font-family: 'Trebuchet MS', ARIAL; text-align: justify; \">A festa de pe&atilde;o ter&aacute; participa&ccedil;&atilde;o especial de Almir C&atilde;mbra, Enrique Moraes, Cuiabano Lima, Francis Carlos e banda Brilho todas as noites, al&eacute;m da equipe Babalu.&nbsp;<\/span><br style=\"font-family: 'Trebuchet MS', ARIAL; text-align: justify; \" \/><br \/>\n<span class=\"Apple-style-span\" style=\"font-family: 'Trebuchet MS', ARIAL; text-align: justify; \">Os eventos tem o apoio da C&acirc;mara de Vereadores e Prefeitura de Alt&ocirc;nia.<\/p>\n<p>Ilustrado<br type=\"_moz\" \/><br \/>\n<\/span><\/p>\n","protected":false},"excerpt":{"rendered":"<p>Ser\u00e1 aberta no pr\u00f3ximo s\u00e1bado, 03, a programa\u00e7\u00e3o do 43\u00ba anivers\u00e1rio de Alt\u00f4nia. A programa\u00e7\u00e3o ter\u00e1 uma s\u00e9rie de atra\u00e7\u00f5es at\u00e9 odia 11. Ponto alto ser\u00e3o os shows com Andr\u00e9 Valad\u00e3o, neste s\u00e1bado, a abertura das atividades de Natal e a 21\u00aa Festa do Pe\u00e3o Boiadeiro que ser\u00e1 realizada junto com a Expo Alt\u00f4nia entre os dias 8 e 11 pr\u00f3ximos.<\/p>\n","protected":false},"author":1,"featured_media":26916,"comment_status":"open","ping_status":"open","sticky":false,"template":"","format":"standard","meta":{"footnotes":""},"categories":[1],"tags":[6186],"class_list":["post-26917","post","type-post","status-publish","format-standard","has-post-thumbnail","hentry","category-noticias-zeca-dirceu","tag-altonia-comemora-43-anos-com-shows-e-festa"],"_links":{"self":[{"href":"https:\/\/teste.bsb.br\/zeca\/wp-json\/wp\/v2\/posts\/26917","targetHints":{"allow":["GET"]}}],"collection":[{"href":"https:\/\/teste.bsb.br\/zeca\/wp-json\/wp\/v2\/posts"}],"about":[{"href":"https:\/\/teste.bsb.br\/zeca\/wp-json\/wp\/v2\/types\/post"}],"author":[{"embeddable":true,"href":"https:\/\/teste.bsb.br\/zeca\/wp-json\/wp\/v2\/users\/1"}],"replies":[{"embeddable":true,"href":"https:\/\/teste.bsb.br\/zeca\/wp-json\/wp\/v2\/comments?post=26917"}],"version-history":[{"count":0,"href":"https:\/\/teste.bsb.br\/zeca\/wp-json\/wp\/v2\/posts\/26917\/revisions"}],"wp:featuredmedia":[{"embeddable":true,"href":"https:\/\/teste.bsb.br\/zeca\/wp-json\/wp\/v2\/media\/26916"}],"wp:attachment":[{"href":"https:\/\/teste.bsb.br\/zeca\/wp-json\/wp\/v2\/media?parent=26917"}],"wp:term":[{"taxonomy":"category","embeddable":true,"href":"https:\/\/teste.bsb.br\/zeca\/wp-json\/wp\/v2\/categories?post=26917"},{"taxonomy":"post_tag","embeddable":true,"href":"https:\/\/teste.bsb.br\/zeca\/wp-json\/wp\/v2\/tags?post=26917"}],"curies":[{"name":"wp","href":"https:\/\/api.w.org\/{rel}","templated":true}]}}