{"id":26911,"date":"2011-11-30T00:00:00","date_gmt":"2011-11-30T02:00:00","guid":{"rendered":"https:\/\/www.zecadirceu.com.br\/zeca-visita-loanda-vera-cruz-do-oeste-e-nova-londrina\/"},"modified":"2011-11-30T00:00:00","modified_gmt":"2011-11-30T02:00:00","slug":"zeca-visita-loanda-vera-cruz-do-oeste-e-nova-londrina","status":"publish","type":"post","link":"https:\/\/teste.bsb.br\/zeca\/zeca-visita-loanda-vera-cruz-do-oeste-e-nova-londrina\/","title":{"rendered":"Zeca visita Loanda, Vera Cruz do Oeste e Nova Londrina"},"content":{"rendered":"<p>&nbsp;<span class=\"Apple-style-span\" style=\"font-family: verdana, sans-serif; font-size: 13px; \">Em mais um giro pelas cidades do Paran&aacute;, o deputado federal Zeca Dirceu visitou, entre quinta e sexta-feira da semana passada, os munic&iacute;pios de Loanda, Vera Cruz do Oeste e Nova Londrina. Em todas as cidades, Zeca foi recebido pelos prefeitos e teve a oportunidade de conversar com lideran&ccedil;as e com a popula&ccedil;&atilde;o, prestando contas de seu mandato na C&acirc;mara dos Deputados e falando sobre os investimentos e a&ccedil;&otilde;es do&nbsp;Governo Federal em prol dos munic&iacute;pios.<\/span><\/p>\n<div style=\"font-family: arial, sans-serif; font-size: 13px; \">&nbsp;<\/div>\n<div style=\"font-family: arial, sans-serif; font-size: 13px; \"><font face=\"verdana,sans-serif\">Em Nova Londrina, Zeca entregou ao prefeito Dornelis Chiodelli as chaves de um caminh&atilde;o coletor e compactador de lixo. O prefeito conversou com o Transpar&ecirc;ncia e A&ccedil;&atilde;o sobre o trabalho desenvolvido pelo deputado.<\/p>\n<p>No &iacute;cone abaixo acompanhe a reportagem.<br type=\"_moz\" \/><br \/>\n<\/font><\/div>\n","protected":false},"excerpt":{"rendered":"<p>Em mais um giro pelas cidades do Paran\u00e1, o deputado federal Zeca Dirceu visitou, entre quinta e sexta-feira (24 e 25) da semana passada, os munic\u00edpios de Loanda, Vera Cruz do Oeste e Nova Londrina. Em todas as cidades, Zeca foi recebido pelos prefeitos e teve a oportunidade de conversar com lideran\u00e7as e com a popula\u00e7\u00e3o, prestando contas de seu mandato na C\u00e2mara dos Deputados e falando sobre os investimentos e a\u00e7\u00f5es do Governo Federal em prol dos munic\u00edpios. No \u00edcone abaixo acompanhe a reportagem.<\/p>\n","protected":false},"author":1,"featured_media":26910,"comment_status":"open","ping_status":"open","sticky":false,"template":"","format":"standard","meta":{"footnotes":""},"categories":[1],"tags":[6185,6184],"class_list":["post-26911","post","type-post","status-publish","format-standard","has-post-thumbnail","hentry","category-noticias-zeca-dirceu","tag-vera-cruz-do-oeste-e-nova-londrina","tag-zeca-visita-loanda"],"_links":{"self":[{"href":"https:\/\/teste.bsb.br\/zeca\/wp-json\/wp\/v2\/posts\/26911","targetHints":{"allow":["GET"]}}],"collection":[{"href":"https:\/\/teste.bsb.br\/zeca\/wp-json\/wp\/v2\/posts"}],"about":[{"href":"https:\/\/teste.bsb.br\/zeca\/wp-json\/wp\/v2\/types\/post"}],"author":[{"embeddable":true,"href":"https:\/\/teste.bsb.br\/zeca\/wp-json\/wp\/v2\/users\/1"}],"replies":[{"embeddable":true,"href":"https:\/\/teste.bsb.br\/zeca\/wp-json\/wp\/v2\/comments?post=26911"}],"version-history":[{"count":0,"href":"https:\/\/teste.bsb.br\/zeca\/wp-json\/wp\/v2\/posts\/26911\/revisions"}],"wp:featuredmedia":[{"embeddable":true,"href":"https:\/\/teste.bsb.br\/zeca\/wp-json\/wp\/v2\/media\/26910"}],"wp:attachment":[{"href":"https:\/\/teste.bsb.br\/zeca\/wp-json\/wp\/v2\/media?parent=26911"}],"wp:term":[{"taxonomy":"category","embeddable":true,"href":"https:\/\/teste.bsb.br\/zeca\/wp-json\/wp\/v2\/categories?post=26911"},{"taxonomy":"post_tag","embeddable":true,"href":"https:\/\/teste.bsb.br\/zeca\/wp-json\/wp\/v2\/tags?post=26911"}],"curies":[{"name":"wp","href":"https:\/\/api.w.org\/{rel}","templated":true}]}}