{"id":26889,"date":"2011-12-01T00:00:00","date_gmt":"2011-12-01T02:00:00","guid":{"rendered":"https:\/\/www.zecadirceu.com.br\/papai-noel-chegara-amanha-de-helicoptero-em-umuarama\/"},"modified":"2011-12-01T00:00:00","modified_gmt":"2011-12-01T02:00:00","slug":"papai-noel-chegara-amanha-de-helicoptero-em-umuarama","status":"publish","type":"post","link":"https:\/\/teste.bsb.br\/zeca\/papai-noel-chegara-amanha-de-helicoptero-em-umuarama\/","title":{"rendered":"Papai Noel chegar\u00e1 amanh\u00e3 de helic\u00f3ptero, em Umuarama"},"content":{"rendered":"<p>&nbsp;Milhares de pessoas s&atilde;o aguardadas na noite de amanh&atilde; na Pra&ccedil;a H&ecirc;nio Romagnolli para assistir e participar da solenidade de abertura das festividades de Natal em Umuarama. Est&atilde;o programadas apresenta&ccedil;&otilde;es de corais, a chegada do Papai Noel, cascata de fogos e show pirot&eacute;cnico. A ilumina&ccedil;&atilde;o decorativa da Avenida Paran&aacute;, maior corredor comercial da cidade, e de outras vias laterais e transversais, tamb&eacute;m ser&aacute; acionada amanh&atilde; &agrave; noite.<\/p>\n<p class=\"MsoNormal\" style=\"text-align:justify\"><o:p><\/o:p><\/p>\n<p class=\"MsoNormal\" style=\"text-align:justify\">A programa&ccedil;&atilde;o desta sexta-feira est&aacute; prevista para ter in&iacute;cio &agrave;s 20h30, com apresenta&ccedil;&atilde;o do Coral dos Hipertensos, com 50 componentes e reg&ecirc;ncia de Juraci de Jesus Ribeiro; e do Coro Municipal, regido por Marco Aur&eacute;lio da Silva e com 30 integrantes.<o:p><\/o:p><\/p>\n<p class=\"MsoNormal\" style=\"text-align:justify\">A chegada do Papai Noel ser&aacute; apote&oacute;tica. Um helic&oacute;ptero vai sobrevoar a Pra&ccedil;a H&ecirc;nio Romagnolli, antes de descer de rapel sobre um pr&eacute;dio em constru&ccedil;&atilde;o defronte o local da festa. E, do 14&ordm; andar, a uma altura de quase 40 metros, o Bom Velinho desce de tirolesa que tem 100 metros de extens&atilde;o at&eacute; onde est&aacute; instalado o palco das autoridades, no centro da pra&ccedil;a. A descida ser&aacute; acompanha por uma cascata de fogos que prev&ecirc; um visual in&eacute;dito em Umuarama.<o:p><\/o:p><\/p>\n<p class=\"MsoNormal\" style=\"text-align:justify\">Em seguida, o Papai Noel recebe as chaves da cidade do prefeito Moacir Silva e segue para sua casa que este ano &eacute; mais ampla e confort&aacute;vel. Ali, juntamente com o Duende, ele recepcionar&aacute; as crian&ccedil;as todas &agrave;s noites, at&eacute; o dia 23 deste m&ecirc;s. Nesse momento acontece o show pirot&eacute;cnico, com os fogos saindo de locais distintos em dire&ccedil;&atilde;o &agrave; multid&atilde;o. Enquanto isso, as crian&ccedil;as poder&atilde;o estar fazendo passeios pela cidade com o Noel Bus &ndash; o primeiro &ocirc;nibus de transporte urbano da Via&ccedil;&atilde;o Umuarama devidamente caracterizado.<o:p><\/o:p><\/p>\n<p class=\"MsoNormal\" style=\"text-align:justify\">ILUMINA&Ccedil;&Atilde;O DECORATIVA<o:p><\/o:p><\/p>\n<p class=\"MsoNormal\" style=\"text-align:justify\">Amanh&atilde; &agrave; noite o prefeito tamb&eacute;m acionar&aacute; a ilumina&ccedil;&atilde;o decorativa instalada ao longo da avenida Paran&aacute;, entre a rodovi&aacute;ria e a pra&ccedil;a Miguel Rossafa, trechos das avenidas Maring&aacute;, Rol&acirc;ndia, Castelo Branco e Brasil, e das ruas Arapongas e Jos&eacute; Hon&oacute;rio Ramos, al&eacute;m distritos de Lovat, Serra dos Dourados e Santa Eliza. Para garantir um atrativo espet&aacute;culo de luzes, a Prefeitura adquiriu 120 mil metros de cord&otilde;es com 1.200.000 (um milh&atilde;o e duzentas mil) micro l&acirc;mpadas; 14 mil metros de mangueiras com outras 1.400.000 (um milh&atilde;o e quatrocentas mil) micro l&acirc;mpadas. Ser&aacute;, portanto, 2,6 milh&otilde;es de pontos de luz a iluminar o Natal em Umuarama, a maior quantidade j&aacute; usada em evento dessa natureza nesta cidade.<o:p><\/o:p><\/p>\n<p class=\"MsoNormal\" style=\"text-align:justify\">CONCURSO DE DECORA&Ccedil;&Atilde;O NATALINA<o:p><\/o:p><\/p>\n<p class=\"MsoNormal\" style=\"text-align:justify\">Ser&aacute; anunciada oficialmente durante a festa da chegada do papai Noel, a realiza&ccedil;&atilde;o do I Concurso de Decora&ccedil;&atilde;o Natalina de Umuarama, que ter&aacute; tr&ecirc;s categorias de premia&ccedil;&atilde;o: resid&ecirc;ncias, condom&iacute;nios e estabelecimento comercial. O julgamento ser&aacute; feito por uma comiss&atilde;o constitu&iacute;da por representantes de segmentos p&uacute;blico e privado. A Funda&ccedil;&atilde;o Cultural, coordenadora do concurso vai premiar os vencedores com tablets e placa de m&eacute;rito.<o:p><\/o:p><\/p>\n<p class=\"MsoNormal\" style=\"text-align:justify\">PRA&Ccedil;A SANTOS DUMONT<o:p><\/o:p><\/p>\n<p class=\"MsoNormal\" style=\"text-align:justify\">A programa&ccedil;&atilde;o de amanh&atilde; estar&aacute; concentrada na Pra&ccedil;a H&ecirc;nio Romagnolli, a partir de s&aacute;bado as atividades culturais e art&iacute;sticas programadas pela Funda&ccedil;&atilde;o Cultural ocupar&atilde;o o palco da Pra&ccedil;a Santos Dumont. Do dia 3 at&eacute; 23 de dezembro, sempre a partir das 20h30m, acontecer&atilde;o apresenta&ccedil;&otilde;es de bandas, duplas, dan&ccedil;a, teatro, corais, etc. &ldquo;&Eacute; uma programa&ccedil;&atilde;o bem mesclada e todos os participantes s&atilde;o volunt&aacute;rios, apresentando-se gratuitamente&rdquo;, disse Tha&iacute;s Romero Gambarini, superintendente da Funda&ccedil;&atilde;o.<\/p>\n<p class=\"MsoNormal\" style=\"text-align:justify\">Umuarama Ilustrado<\/p>\n","protected":false},"excerpt":{"rendered":"<p>Milhares de pessoas s\u00e3o aguardadas na noite de amanh\u00e3 na Pra\u00e7a H\u00eanio Romagnolli para assistir e participar da solenidade de abertura das festividades de Natal em Umuarama. Est\u00e3o programadas apresenta\u00e7\u00f5es de corais, a chegada do Papai Noel, cascata de fogos e show pirot\u00e9cnico. A ilumina\u00e7\u00e3o decorativa da Avenida Paran\u00e1, maior corredor comercial da cidade, e de outras vias laterais e transversais, tamb\u00e9m ser\u00e1 acionada amanh\u00e3 \u00e0 noite.<\/p>\n","protected":false},"author":1,"featured_media":26888,"comment_status":"open","ping_status":"open","sticky":false,"template":"","format":"standard","meta":{"footnotes":""},"categories":[1],"tags":[6171],"class_list":["post-26889","post","type-post","status-publish","format-standard","has-post-thumbnail","hentry","category-noticias-zeca-dirceu","tag-papai-noel-chegara-amanha-de-helicoptero"],"_links":{"self":[{"href":"https:\/\/teste.bsb.br\/zeca\/wp-json\/wp\/v2\/posts\/26889","targetHints":{"allow":["GET"]}}],"collection":[{"href":"https:\/\/teste.bsb.br\/zeca\/wp-json\/wp\/v2\/posts"}],"about":[{"href":"https:\/\/teste.bsb.br\/zeca\/wp-json\/wp\/v2\/types\/post"}],"author":[{"embeddable":true,"href":"https:\/\/teste.bsb.br\/zeca\/wp-json\/wp\/v2\/users\/1"}],"replies":[{"embeddable":true,"href":"https:\/\/teste.bsb.br\/zeca\/wp-json\/wp\/v2\/comments?post=26889"}],"version-history":[{"count":0,"href":"https:\/\/teste.bsb.br\/zeca\/wp-json\/wp\/v2\/posts\/26889\/revisions"}],"wp:featuredmedia":[{"embeddable":true,"href":"https:\/\/teste.bsb.br\/zeca\/wp-json\/wp\/v2\/media\/26888"}],"wp:attachment":[{"href":"https:\/\/teste.bsb.br\/zeca\/wp-json\/wp\/v2\/media?parent=26889"}],"wp:term":[{"taxonomy":"category","embeddable":true,"href":"https:\/\/teste.bsb.br\/zeca\/wp-json\/wp\/v2\/categories?post=26889"},{"taxonomy":"post_tag","embeddable":true,"href":"https:\/\/teste.bsb.br\/zeca\/wp-json\/wp\/v2\/tags?post=26889"}],"curies":[{"name":"wp","href":"https:\/\/api.w.org\/{rel}","templated":true}]}}