{"id":26869,"date":"2011-12-02T00:00:00","date_gmt":"2011-12-02T02:00:00","guid":{"rendered":"https:\/\/www.zecadirceu.com.br\/projovem-adolescente-encerra-atividades-de-2011-com-certificados-em-umuarama\/"},"modified":"2011-12-02T00:00:00","modified_gmt":"2011-12-02T02:00:00","slug":"projovem-adolescente-encerra-atividades-de-2011-com-certificados-em-umuarama","status":"publish","type":"post","link":"https:\/\/teste.bsb.br\/zeca\/projovem-adolescente-encerra-atividades-de-2011-com-certificados-em-umuarama\/","title":{"rendered":"Projovem Adolescente encerra atividades de 2011 com certificados, em Umuarama"},"content":{"rendered":"<p>&nbsp;O encerramento dos trabalhos do programa social Projovem Adolescente de 2011 ocorreu anteontem no Centro Cultural Schubert, em Umuarama. O Projovem Adolescente &eacute; uma das quatro modalidades do Programa Nacional de Inclus&atilde;o de Jovens que atende exclusivamente &agrave; faixa et&aacute;ria de 15 a 17 anos.<\/p>\n<p class=\"MsoNormal\"><o:p><\/o:p><\/p>\n<p class=\"MsoNormal\">Durante dois anos, de tr&ecirc;s a quatro vezes por semana, estes adolescentes participam de v&aacute;rias atividades em sala de aula. cursos de capacita&ccedil;&atilde;o na &aacute;rea de inclus&atilde;o digital, empregabilidade, Projeto de Orienta&ccedil;&atilde;o Vocacional (POP) e oficinas de desenho, yoga, Educa&ccedil;&atilde;o F&iacute;sica, Karat&ecirc; e Artesanato. <o:p><\/o:p><\/p>\n<p class=\"MsoNormal\">O Projovem Adolescente gera meios que visam garantir a conviv&ecirc;ncia familiar e comunit&aacute;ria, a inser&ccedil;&atilde;o, reinser&ccedil;&atilde;o e perman&ecirc;ncia do jovem no sistema educacional e tamb&eacute;m a prepara&ccedil;&atilde;o para o mercado de trabalho, atrav&eacute;s de atividades de conviv&ecirc;ncia social, participa&ccedil;&atilde;o cidad&atilde;, mundo do trabalho e oficinas sobre direitos humanos. <o:p><\/o:p><\/p>\n<p class=\"MsoNormal\">Neste encerramento 80 jovens receberam o certificado e devidamente preparados para o mercado de trabalho. A secret&aacute;ria de assist&ecirc;ncia Social Social Marcela Laino Verrilo fala que &ldquo;Esse programa possibilita a muitos jovens o acesso ao conhecimento que eles n&atilde;o teriam condi&ccedil;&otilde;es de ter. Esses adolescentes recebem orienta&ccedil;&otilde;es sobre higiene, qual a postura correta a ser adotada durante uma entrevista de trabalho e a melhor forma de ajudar a cuidar de sua cidade&rdquo;, disse Marcela.<o:p><\/o:p><\/p>\n<p class=\"MsoNormal\">O prefeito Moacir Silva em sua fala relatou a import&acirc;ncia do projeto e disse que o Projovem Adolescente gera meios que visam garantir a conviv&ecirc;ncia familiar, a inser&ccedil;&atilde;o e reinser&ccedil;&atilde;o e a perman&ecirc;ncia do jovem no sistema educacional . &ldquo;Esse tipo de projeto prepara esses meninos e meninas para o mercado de trabalho, al&eacute;m disso eles come&ccedil;am a perceber que possuem potencialidades e que s&atilde;o capazes de se tornar l&iacute;deres e de alcan&ccedil;ar seus sonhos e objetivos&rdquo;, enfatizou o prefeito.<o:p><\/o:p><\/p>\n<p class=\"MsoNormal\">As atividades deste ano foram encerradas, mas as inscri&ccedil;&otilde;es recome&ccedil;am no dia 22 janeiro para jovens com idade entre 15 e 17 anos que se enquadrem no programa. Mais informa&ccedil;&otilde;es pelo telefone: 39061021 com Andr&eacute;a.<\/p>\n<p class=\"MsoNormal\">Umuarama Ilustrado<o:p><\/o:p><\/p>\n<p class=\"MsoNormal\"><o:p>&nbsp;<\/o:p><\/p>\n","protected":false},"excerpt":{"rendered":"<p>O encerramento dos trabalhos do programa social Projovem Adolescente de 2011 ocorreu anteontem no Centro Cultural Schubert, em Umuarama. O Projovem Adolescente \u00e9 uma das quatro modalidades do Programa Nacional de Inclus\u00e3o de Jovens que atende exclusivamente \u00e0 faixa et\u00e1ria de 15 a 17 anos.<\/p>\n","protected":false},"author":1,"featured_media":26868,"comment_status":"open","ping_status":"open","sticky":false,"template":"","format":"standard","meta":{"footnotes":""},"categories":[1],"tags":[6158],"class_list":["post-26869","post","type-post","status-publish","format-standard","has-post-thumbnail","hentry","category-noticias-zeca-dirceu","tag-projovem-adolescente-encerra-atividades-de-2011-com-certificados"],"_links":{"self":[{"href":"https:\/\/teste.bsb.br\/zeca\/wp-json\/wp\/v2\/posts\/26869","targetHints":{"allow":["GET"]}}],"collection":[{"href":"https:\/\/teste.bsb.br\/zeca\/wp-json\/wp\/v2\/posts"}],"about":[{"href":"https:\/\/teste.bsb.br\/zeca\/wp-json\/wp\/v2\/types\/post"}],"author":[{"embeddable":true,"href":"https:\/\/teste.bsb.br\/zeca\/wp-json\/wp\/v2\/users\/1"}],"replies":[{"embeddable":true,"href":"https:\/\/teste.bsb.br\/zeca\/wp-json\/wp\/v2\/comments?post=26869"}],"version-history":[{"count":0,"href":"https:\/\/teste.bsb.br\/zeca\/wp-json\/wp\/v2\/posts\/26869\/revisions"}],"wp:featuredmedia":[{"embeddable":true,"href":"https:\/\/teste.bsb.br\/zeca\/wp-json\/wp\/v2\/media\/26868"}],"wp:attachment":[{"href":"https:\/\/teste.bsb.br\/zeca\/wp-json\/wp\/v2\/media?parent=26869"}],"wp:term":[{"taxonomy":"category","embeddable":true,"href":"https:\/\/teste.bsb.br\/zeca\/wp-json\/wp\/v2\/categories?post=26869"},{"taxonomy":"post_tag","embeddable":true,"href":"https:\/\/teste.bsb.br\/zeca\/wp-json\/wp\/v2\/tags?post=26869"}],"curies":[{"name":"wp","href":"https:\/\/api.w.org\/{rel}","templated":true}]}}