{"id":26867,"date":"2011-12-02T00:00:00","date_gmt":"2011-12-02T02:00:00","guid":{"rendered":"https:\/\/www.zecadirceu.com.br\/protesto-pela-paz-tomou-as-ruas-de-cianorte\/"},"modified":"2011-12-02T00:00:00","modified_gmt":"2011-12-02T02:00:00","slug":"protesto-pela-paz-tomou-as-ruas-de-cianorte","status":"publish","type":"post","link":"https:\/\/teste.bsb.br\/zeca\/protesto-pela-paz-tomou-as-ruas-de-cianorte\/","title":{"rendered":"Protesto pela paz tomou as ruas de Cianorte"},"content":{"rendered":"<p>&nbsp;Centenas de pessoas participaram na manh&atilde; desta quinta-feira (1) do Movimento Cianorte Pela Paz, organizado pela sociedade civil e Conselho Comunit&aacute;rio de Seguran&ccedil;a. Uma passeata com diversas faixas, pedindo a&ccedil;&otilde;es das autoridades para combater a criminalidade e devolver a sensa&ccedil;&atilde;o de seguran&ccedil;a, come&ccedil;ou na frente da Igreja Nossa Senhora de F&aacute;tima, percorreu o centro e terminou na Pra&ccedil;a 26 de Julho, com b&ecirc;n&ccedil;&atilde;os religiosas e palavras das autoridades.<\/p>\n<p class=\"MsoNormal\"><o:p><\/o:p><\/p>\n<p class=\"MsoNormal\">O movimento teve apoio da Associa&ccedil;&atilde;o Comercial e Industrial de Cianorte (Acic), Associa&ccedil;&atilde;o dos Lojistas Atacadistas de Moda e Similares, sindicatos, associa&ccedil;&otilde;es de bairros, padres, pastores e grande participa&ccedil;&atilde;o dos estudantes e empregados do com&eacute;rcio. Muitas lojas fecharam as portas durante a passeata.<o:p><\/o:p><\/p>\n<p class=\"MsoNormal\">A mobiliza&ccedil;&atilde;o come&ccedil;ou &agrave;s 8h. Os manifestantes percorreram as avenidas Souza Naves, Paran&aacute;, Santa Catarina e Goi&aacute;s, encerrando em um palanque improvisado na Pra&ccedil;a 26 de Julho. No percurso, volunt&aacute;rios distribu&iacute;ram adesivos pelo com&eacute;rcio. Para garantir a seguran&ccedil;a, policiais militares organizaram o tr&acirc;nsito. A prefeitura cedeu &ocirc;nibus para o transporte de alunos dos col&eacute;gios at&eacute; o local da manifesta&ccedil;&atilde;o.<o:p><\/o:p><\/p>\n<p class=\"MsoNormal\">Na pra&ccedil;a, autoridades refor&ccedil;aram a import&acirc;ncia da uni&atilde;o para resolver a inseguran&ccedil;a. O presidente da Acic, Rubens Pereira de Carvalho, ressaltou que Cianorte precisa de uma Delegacia da Mulher e de pelo menos mais um delegado, al&eacute;m de melhorias na infraestrutura das unidades policiais.<\/p>\n<p class=\"MsoNormal\">Tribuna de Cianorte<\/p>\n","protected":false},"excerpt":{"rendered":"<p>Centenas de pessoas participaram na manh\u00e3 desta quinta-feira (1) do Movimento Cianorte Pela Paz, organizado pela sociedade civil e Conselho Comunit\u00e1rio de Seguran\u00e7a. Uma passeata com diversas faixas, pedindo a\u00e7\u00f5es das autoridades para combater a criminalidade e devolver a sensa\u00e7\u00e3o de seguran\u00e7a, come\u00e7ou na frente da Igreja Nossa Senhora de F\u00e1tima, percorreu o centro e terminou na Pra\u00e7a 26 de Julho, com b\u00ean\u00e7\u00e3os religiosas e palavras das autoridades.<\/p>\n","protected":false},"author":1,"featured_media":26866,"comment_status":"open","ping_status":"open","sticky":false,"template":"","format":"standard","meta":{"footnotes":""},"categories":[1],"tags":[6157],"class_list":["post-26867","post","type-post","status-publish","format-standard","has-post-thumbnail","hentry","category-noticias-zeca-dirceu","tag-protesto-pela-paz-tomou-as-ruas-de-cianorte"],"_links":{"self":[{"href":"https:\/\/teste.bsb.br\/zeca\/wp-json\/wp\/v2\/posts\/26867","targetHints":{"allow":["GET"]}}],"collection":[{"href":"https:\/\/teste.bsb.br\/zeca\/wp-json\/wp\/v2\/posts"}],"about":[{"href":"https:\/\/teste.bsb.br\/zeca\/wp-json\/wp\/v2\/types\/post"}],"author":[{"embeddable":true,"href":"https:\/\/teste.bsb.br\/zeca\/wp-json\/wp\/v2\/users\/1"}],"replies":[{"embeddable":true,"href":"https:\/\/teste.bsb.br\/zeca\/wp-json\/wp\/v2\/comments?post=26867"}],"version-history":[{"count":0,"href":"https:\/\/teste.bsb.br\/zeca\/wp-json\/wp\/v2\/posts\/26867\/revisions"}],"wp:featuredmedia":[{"embeddable":true,"href":"https:\/\/teste.bsb.br\/zeca\/wp-json\/wp\/v2\/media\/26866"}],"wp:attachment":[{"href":"https:\/\/teste.bsb.br\/zeca\/wp-json\/wp\/v2\/media?parent=26867"}],"wp:term":[{"taxonomy":"category","embeddable":true,"href":"https:\/\/teste.bsb.br\/zeca\/wp-json\/wp\/v2\/categories?post=26867"},{"taxonomy":"post_tag","embeddable":true,"href":"https:\/\/teste.bsb.br\/zeca\/wp-json\/wp\/v2\/tags?post=26867"}],"curies":[{"name":"wp","href":"https:\/\/api.w.org\/{rel}","templated":true}]}}