{"id":26863,"date":"2011-12-02T00:00:00","date_gmt":"2011-12-02T02:00:00","guid":{"rendered":"https:\/\/www.zecadirceu.com.br\/a-importancia-da-modernizacao-nos-aeroportos-do-brasil\/"},"modified":"2011-12-02T00:00:00","modified_gmt":"2011-12-02T02:00:00","slug":"a-importancia-da-modernizacao-nos-aeroportos-do-brasil","status":"publish","type":"post","link":"https:\/\/teste.bsb.br\/zeca\/a-importancia-da-modernizacao-nos-aeroportos-do-brasil\/","title":{"rendered":"A import\u00e2ncia da moderniza\u00e7\u00e3o nos aeroportos do Brasil"},"content":{"rendered":"<p>&nbsp;A presidenta Dilma Rousseff participou, na &uacute;ltima segunda-feira (28) da cerim&ocirc;nia de assinatura do contrato entre a Ag&ecirc;ncia Nacional de Avia&ccedil;&atilde;o Civil (Anac) e o cons&oacute;rcio vencedor da concess&atilde;o do aeroporto de S&atilde;o Gon&ccedil;alo do Amarante\/RN. O aeroporto ser&aacute; constru&iacute;do e administrado pela iniciativa privada. Esta concess&atilde;o d&aacute; in&iacute;cio &agrave; reestrutura&ccedil;&atilde;o completa que o governo federal far&aacute; no setor aerovi&aacute;rio do pa&iacute;s. O titular da Comiss&atilde;o de Via&ccedil;&atilde;o e Transportes, deputado federal Zeca Dirceu, comentou a import&acirc;ncia desta a&ccedil;&atilde;o para a moderniza&ccedil;&atilde;o dos aeroportos do pa&iacute;s. <\/p>\n<p>Ou&ccedil;am a reportagem no &iacute;cone abaixo.<\/p>\n","protected":false},"excerpt":{"rendered":"<p>A presidenta Dilma Rousseff participou, na \u00faltima segunda-feira (28) da cerim\u00f4nia de assinatura do contrato entre a Ag\u00eancia Nacional de Avia\u00e7\u00e3o Civil (Anac) e o cons\u00f3rcio vencedor da concess\u00e3o do aeroporto de S\u00e3o Gon\u00e7alo do Amarante\/RN.  O titular da Comiss\u00e3o de Via\u00e7\u00e3o e Transportes, deputado federal Zeca Dirceu, comenta a import\u00e2ncia desta a\u00e7\u00e3o para a moderniza\u00e7\u00e3o dos aeroportos do pa\u00eds.<\/p>\n","protected":false},"author":1,"featured_media":26862,"comment_status":"open","ping_status":"open","sticky":false,"template":"","format":"standard","meta":{"footnotes":""},"categories":[1],"tags":[6155],"class_list":["post-26863","post","type-post","status-publish","format-standard","has-post-thumbnail","hentry","category-noticias-zeca-dirceu","tag-a-importancia-da-modernizacao-nos-aeroportos-do-brasil"],"_links":{"self":[{"href":"https:\/\/teste.bsb.br\/zeca\/wp-json\/wp\/v2\/posts\/26863","targetHints":{"allow":["GET"]}}],"collection":[{"href":"https:\/\/teste.bsb.br\/zeca\/wp-json\/wp\/v2\/posts"}],"about":[{"href":"https:\/\/teste.bsb.br\/zeca\/wp-json\/wp\/v2\/types\/post"}],"author":[{"embeddable":true,"href":"https:\/\/teste.bsb.br\/zeca\/wp-json\/wp\/v2\/users\/1"}],"replies":[{"embeddable":true,"href":"https:\/\/teste.bsb.br\/zeca\/wp-json\/wp\/v2\/comments?post=26863"}],"version-history":[{"count":0,"href":"https:\/\/teste.bsb.br\/zeca\/wp-json\/wp\/v2\/posts\/26863\/revisions"}],"wp:featuredmedia":[{"embeddable":true,"href":"https:\/\/teste.bsb.br\/zeca\/wp-json\/wp\/v2\/media\/26862"}],"wp:attachment":[{"href":"https:\/\/teste.bsb.br\/zeca\/wp-json\/wp\/v2\/media?parent=26863"}],"wp:term":[{"taxonomy":"category","embeddable":true,"href":"https:\/\/teste.bsb.br\/zeca\/wp-json\/wp\/v2\/categories?post=26863"},{"taxonomy":"post_tag","embeddable":true,"href":"https:\/\/teste.bsb.br\/zeca\/wp-json\/wp\/v2\/tags?post=26863"}],"curies":[{"name":"wp","href":"https:\/\/api.w.org\/{rel}","templated":true}]}}